{"id":63901,"date":"2026-02-02T16:22:46","date_gmt":"2026-02-02T15:22:46","guid":{"rendered":"https:\/\/www-preview.ek-retail.com\/stories\/im-rampenlicht-anne-jet-mode-in-dokkum\/"},"modified":"2026-04-02T14:20:34","modified_gmt":"2026-04-02T12:20:34","slug":"im-rampenlicht-anne-jet-mode-in-dokkum","status":"publish","type":"stories","link":"https:\/\/www.ek-retail.com\/de\/stories\/im-rampenlicht-anne-jet-mode-in-dokkum\/","title":{"rendered":"Im Rampenlicht: Anne &amp; Jet Mode in Dokkum"},"content":{"rendered":"\n<h2 class=\"wp-block-heading\">Ein Gesch\u00e4ft, in dem Leidenschaft f\u00fcr Mode und pers\u00f6nlicher Service zusammenkommen<\/h2>\n\n<p>Im Herzen von <strong>Dokkum<\/strong> finden Sie <strong>Anne &amp; Jet Mode<\/strong>, ein Gesch\u00e4ft, in dem Leidenschaft f\u00fcr Mode und pers\u00f6nlicher Service zusammenkommen. Anne und Jet sind stolze Unternehmer mit einer beeindruckenden Geschichte. Von Nebenjobs in der Mode bis zur Verwirklichung ihres eigenen Gesch\u00e4fts \u2013 ihre Reise ist gepr\u00e4gt von Ehrgeiz, Ausdauer und vor allem von Liebe zum Handwerk. F\u00fcr dieses Interview muss Anne von der Leiter gerufen werden, weil er gerade die Fenster putzt. Das f\u00e4ngt ihre praktische Mentalit\u00e4t perfekt ein: immer besch\u00e4ftigt, voller Energie, um ihr Gesch\u00e4ft zu einem Erfolg zu machen.    <\/p>\n\n<hr class=\"wp-block-separator has-alpha-channel-opacity\"\/>\n\n<h2 class=\"wp-block-heading\">Vom Nebenjob zum eigenen Modegesch\u00e4ft<\/h2>\n\n<p>Annes Abenteuer begann in jungen Jahren.<br\/><strong>\u201eMein Vater wollte, dass ich mein eigenes Geld verdiene und einen Job finde. So habe ich angefangen, in der Mode zu arbeiten, und mein Interesse wuchs schnell.\u201c<\/strong><\/p>\n\n<p>Was als Samstagsjob begann, entwickelte sich zu einer Karriere in der Modebranche mit Erfahrung in Verkauf, Einkauf und Management. Dennoch blieb der Traum vom eigenen Gesch\u00e4ft bestehen. <br\/><strong>\u201eNach 20 Jahren dachte ich: All diese Einzelh\u00e4ndler sitzen an meinem Tisch, ich gebe gute Ratschl\u00e4ge \u2013 aber warum mache ich es nicht selbst?\u201c<\/strong><\/p>\n\n<p>Jet brachte <strong>12,5 Jahre Erfahrung<\/strong> in der Modewelt mit, mit einem starken Fokus auf Einkauf und Styling. Gemeinsam beschlossen sie, den Sprung zu wagen und ihr eigenes Gesch\u00e4ft zu er\u00f6ffnen. <br\/><strong>\u201eWir wollten nach Friesland zur\u00fcckkehren, und dies f\u00fchlte sich wie der richtige Moment an. Vor anderthalb Jahren begannen wir mit der Planung: Wie soll das Gesch\u00e4ft aussehen, welche Atmosph\u00e4re wollen wir schaffen? Jetzt ist das Gesch\u00e4ft genau so, wie wir es uns vorgestellt haben \u2013 und die Reaktionen sind \u00fcberw\u00e4ltigend!\u201c<\/strong><\/p>\n\n<hr class=\"wp-block-separator has-alpha-channel-opacity\"\/>\n\n<h2 class=\"wp-block-heading\">Ein Gesch\u00e4ft, in dem Erfahrung an erster Stelle steht<\/h2>\n\n<p>Mit <strong>310 m\u00b2 Verkaufsfl\u00e4che<\/strong> ist Anne &amp; Jet Mode ein Ort, an dem Kunden die M\u00f6glichkeit haben, Mode wirklich zu erleben. Jet erkl\u00e4rt begeistert: <br\/><strong>\u201eManchmal verbringen wir einen ganzen Tag im Laden, ohne miteinander zu sprechen \u2013 so gro\u00df ist er! Wir wollen keinen Stress, und jeden Tag geben wir unser Bestes.\u201c<\/strong><\/p>\n\n<p>Pers\u00f6nlicher Kontakt ist der Schl\u00fcssel. Was sie einzigartig macht? Jet wei\u00df es sofort:  <br\/><strong>\u201eKollektionen, die gut zusammenpassen, und wir schenken unseren Kunden wirklich pers\u00f6nliche Aufmerksamkeit.\u201c<\/strong><\/p>\n\n<p>Anne f\u00fcgt hinzu:<br\/><strong>\u201eEine freundliche Begr\u00fc\u00dfung und gute Beratung bekommt man nicht hinter einem Computerbildschirm oder beim Online-Shopping.\u201c<\/strong><\/p>\n\n<hr class=\"wp-block-separator has-alpha-channel-opacity\"\/>\n\n<h2 class=\"wp-block-heading\">Lieblingsmarken und -kollektionen<\/h2>\n\n<p>Mit einer Mischung aus etablierten und aufstrebenden Marken bietet Anne &amp; Jet Mode f\u00fcr jeden etwas.<br\/><strong>\u201eNUKUS ist einer unserer Favoriten \u2013 als die erste Lieferung eintraf, mussten wir abends noch einmal in den Laden, um alles auszupacken, weil wir alles vor dem Wochenende auf dem Boden haben wollten. Man arbeitet mit Freude, und das sp\u00fcren unsere Kunden.\u201c<\/strong><\/p>\n\n<p>Auch die Hochsommerkollektionen versprechen Gro\u00dfes:<br\/><strong>\u201eWir haben einige tolle Artikel erhalten, daher sind die Erwartungen hoch!\u201c<\/strong><\/p>\n\n<hr class=\"wp-block-separator has-alpha-channel-opacity\"\/>\n\n<h2 class=\"wp-block-heading\">2024: ein Jahr des Wandels<\/h2>\n\n<p>Im vergangenen Jahr ging es darum, loszulassen und neu anzufangen.<br\/><strong>\u201eWir haben unsere bisherigen verantwortungsvollen Positionen hinter uns gelassen und im Januar das Gesch\u00e4ft aufgebaut. Alles geschah innerhalb von anderthalb Jahren. Keine Nine-to-Five-Mentalit\u00e4t \u2013 einfach unglaublich hart arbeiten. Jetzt f\u00e4ngt es an, sich zu setzen\u201c<\/strong>, sagt Jet.<\/p>\n\n<hr class=\"wp-block-separator has-alpha-channel-opacity\"\/>\n\n<h2 class=\"wp-block-heading\">Stolz auf das, was sie aufgebaut haben<\/h2>\n\n<p>Anne und Jet sind besonders stolz auf die Atmosph\u00e4re, die sie im Gesch\u00e4ft geschaffen haben.<br\/><strong>\u201eDie Kunden f\u00fchlen sich hier willkommen. Wir nehmen uns Zeit und denken wirklich mit ihnen mit. Ein Paar kauft zusammen ein? Ich helfe ihr, und Anne hilft ihm. Wir haben vielleicht nicht alles, aber was wir haben, passt perfekt zusammen.\u201c<\/strong><\/p>\n\n<hr class=\"wp-block-separator has-alpha-channel-opacity\"\/>\n\n<h2 class=\"wp-block-heading\">Ausblick auf 2025<\/h2>\n\n<p>Die Zukunft sieht vielversprechend aus.<br\/><strong>\u201eWir werden unser Gesch\u00e4ft weiter ausbauen, neue Marken entdecken und unser Sortiment optimieren. Bald werden wir auch auf SBS6 in <em>De Perfecte Plek<\/em> zu sehen sein, die voraussichtlich am 20. April gegen 15:00 Uhr ausgestrahlt wird. Eine gro\u00dfartige Gelegenheit, Anne &amp; Jet Mode einem breiteren Publikum vorzustellen!\u201c<\/strong><\/p>\n\n<hr class=\"wp-block-separator has-alpha-channel-opacity\"\/>\n\n<h2 class=\"wp-block-heading\">Die Unterst\u00fctzung von EK Fashion<\/h2>\n\n<p>Als Existenzgr\u00fcnder profitierten Anne und Jet sehr von der Unterst\u00fctzung von <strong>EK Fashion<\/strong>.<br\/><strong>\u201eWas <em>haben<\/em> sie nicht f\u00fcr uns getan? Eric van Mullem und Alm Wiggers\u2013de Boer, beide Fashion Retail Consultants, waren wie Psychologen f\u00fcr uns. Sie besuchten uns, gaben Ratschl\u00e4ge und halfen uns, den richtigen Markenmix zusammenzustellen. Selbst als wir noch geschlossen waren und renovierten, waren sie f\u00fcr uns da. Das hat uns wirklich das Gef\u00fchl gegeben, gesehen zu werden.\u201c<\/strong><\/p>\n\n<p>Mit dem nahenden Sommer freut sich Anne &amp; Jet Mode auf eine lebhafte Zeit.<br\/><strong>\u201eDokkum wird bald voller Touristen sein. Wir bieten nicht nur tolle Freizeitkleidung, sondern auch stilvolle Outfits f\u00fcr die R\u00fcckkehr an den Arbeitsplatz.\u201c<\/strong><\/p>\n\n<p>Eines ist sicher: <strong>Anne &amp; Jet Mode ist gekommen, um zu bleiben!<\/strong><\/p>\n\n<hr class=\"wp-block-separator has-alpha-channel-opacity\"\/>\n\n<h2 class=\"wp-block-heading\">Im Rampenlicht<\/h2>\n\n<p>In der Blog-Serie <strong>\u201eIm Rampenlicht\u201c<\/strong> stellen wir unsere Unternehmer und Lieferanten vor. Wer sind die Menschen hinter den Marken und Gesch\u00e4ften? Wie engagieren sie sich f\u00fcr ihre Kunden? Und wie bleiben sie in diesen au\u00dfergew\u00f6hnlichen Zeiten widerstandsf\u00e4hig? Jede Woche verdient jemand, in unserem Rampenlicht zu stehen.    <\/p>\n","protected":false},"excerpt":{"rendered":"<p>Ein Gesch\u00e4ft, in dem Leidenschaft f\u00fcr Mode und pers\u00f6nlicher Service zusammenkommen Im Herzen von Dokkum finden Sie Anne &amp; Jet Mode, ein Gesch\u00e4ft, in dem Leidenschaft f\u00fcr Mode und pers\u00f6nlicher Service zusammenkommen. Anne und Jet sind stolze Unternehmer mit einer beeindruckenden Geschichte. Von Nebenjobs in der Mode bis zur Verwirklichung ihres eigenen Gesch\u00e4fts \u2013 ihre&hellip;<\/p>\n","protected":false},"featured_media":0,"template":"","format":"standard","meta":[],"categories":[310],"class_list":["post-63901","stories","type-stories","status-publish","format-standard","hentry","category-ek-fashion","description-off"],"_links":{"self":[{"href":"https:\/\/www.ek-retail.com\/de\/wp-json\/wp\/v2\/stories\/63901","targetHints":{"allow":["GET"]}}],"collection":[{"href":"https:\/\/www.ek-retail.com\/de\/wp-json\/wp\/v2\/stories"}],"about":[{"href":"https:\/\/www.ek-retail.com\/de\/wp-json\/wp\/v2\/types\/stories"}],"wp:attachment":[{"href":"https:\/\/www.ek-retail.com\/de\/wp-json\/wp\/v2\/media?parent=63901"}],"wp:term":[{"taxonomy":"category","embeddable":true,"href":"https:\/\/www.ek-retail.com\/de\/wp-json\/wp\/v2\/categories?post=63901"}],"curies":[{"name":"wp","href":"https:\/\/api.w.org\/{rel}","templated":true}]}}