{"id":63919,"date":"2025-07-17T14:13:49","date_gmt":"2025-07-17T12:13:49","guid":{"rendered":"https:\/\/www-preview.ek-retail.com\/stories\/im-rampenlicht-maribelle-mode-tineke-ottevanger\/"},"modified":"2026-02-04T10:46:29","modified_gmt":"2026-02-04T09:46:29","slug":"im-rampenlicht-maribelle-mode-tineke-ottevanger","status":"publish","type":"stories","link":"https:\/\/www.ek-retail.com\/de\/stories\/im-rampenlicht-maribelle-mode-tineke-ottevanger\/","title":{"rendered":"Im Rampenlicht: Maribelle Mode \u2013 Tineke Ottevanger"},"content":{"rendered":"\n<h4 class=\"wp-block-heading\">\u201eMan muss jeden einzelnen Tag selbst eine angenehme Atmosph\u00e4re schaffen.\u201c<\/h4>\n\n<p><strong>Tineke<\/strong> ist seit 32 Jahren Inhaberin von <strong>Maribelle Mode<\/strong>, einem Damenmodegesch\u00e4ft in Klundert. Als sie 21 war, wurde im Dorf eine Ladenfl\u00e4che frei, und sie ergriff die Gelegenheit. Sie er\u00f6ffnete ihr eigenes Bekleidungsgesch\u00e4ft und f\u00fchrt viele Jahre sp\u00e4ter nun zwei Gesch\u00e4fte mit einem Team von sieben Mitarbeiterinnen.<br \/>Tineke erkl\u00e4rt: <strong>\u201eIch hatte schon in jungen Jahren die Idee, ein eigenes Gesch\u00e4ft zu haben, und zum Gl\u00fcck habe ich es nie bereut.\u201c<\/strong>  <\/p>\n\n<p>Das vergangene COVID-Jahr war f\u00fcr die Unternehmerin aus Nordbrabant eine ganz andere Erfahrung. Sie erkl\u00e4rt: <br \/><strong>\u201eIch h\u00e4tte mir vorher nie vorstellen k\u00f6nnen, dass man in eine solche Situation geraten kann. Zuerst war es nicht nur der Schock, sondern auch die Notwendigkeit, schnell umzuschalten. W\u00e4hrend der ersten COVID-Periode hielten wir unsere T\u00fcren offen, wodurch wir einen Teil unseres Bestands verkaufen konnten. Man merkte jedoch, dass alle \u00e4ngstlicher waren. Zum Beispiel \u00f6ffneten wir auch abends nach Vereinbarung, damit Kunden in einem ruhigen Gesch\u00e4ft einkaufen konnten.\u201c<\/strong><\/p>\n\n<hr class=\"wp-block-separator has-alpha-channel-opacity\" \/>\n\n<h3 class=\"wp-block-heading\">Anprobiertaschen<\/h3>\n\n<p>Mit dem zweiten und strengeren Lockdown musste Maribelle Mode, wie alle nicht-essenziellen Gesch\u00e4fte in den Niederlanden, ihre T\u00fcren schlie\u00dfen. Dann muss man alternative Wege anbieten, um seine Kleidung zu verkaufen. Tineke tat dies unter anderem, indem sie <strong>Anprobiertaschen<\/strong> lieferte.  <br \/><strong>\u201eWir haben einen freundlichen und treuen Kundenstamm. Das ist etwas ganz Besonderes, und daf\u00fcr sind wir \u00e4u\u00dferst dankbar. Wir kennen unsere Kunden gut, was uns das Vertrauen gibt, ihnen eine Tasche voller Kleidung zu \u00fcberlassen. Ein guter Kundenstamm ist wirklich wichtig. Man wei\u00df genau, welche Gr\u00f6\u00dfe, welchen Stil und welche Marke ein Kunde bevorzugt. Nat\u00fcrlich war es entt\u00e4uschend, wenn eine Tasche zur\u00fcckkam, aber dann h\u00e4ngt man die Kleidung einfach wieder ins Gesch\u00e4ft und macht weiter\u201c<\/strong>, sagt Tineke.<\/p>\n\n<p>Zum 1. Januar 2020 trat Tinekes Tochter als neue Kraft dem Team bei und konzentrierte sich auf soziale Medien. Die Inhaberin erkl\u00e4rt: <br \/><strong>\u201eIn Zeiten wie diesen muss man sichtbar sein \u2013 und sichtbar bleiben. Kunden fragten auch, wie sie uns folgen k\u00f6nnten, und dann muss man wirklich t\u00e4glich etwas anbieten.\u201c<\/strong><\/p>\n\n<p>Mit dieser Positivit\u00e4t kommt man weit. Tineke f\u00e4hrt fort: <br \/><strong>\u201eMan muss jeden einzelnen Tag selbst eine angenehme Atmosph\u00e4re schaffen. Wir haben einfach weitergemacht und sofort die neue Kollektion hereingeholt. Wir haben das Gesch\u00e4ft neu gestrichen und sind aktiv geblieben. Wie man pers\u00f6nlich mit dieser Situation umgeht, ist so wichtig. Ich bin stolz auf die Zusammenarbeit in unserem Team, mit unseren Lieferanten und auf das Vertrauen, das wir zueinander haben.\u201c<\/strong><\/p>\n\n<hr class=\"wp-block-separator has-alpha-channel-opacity\" \/>\n\n<h3 class=\"wp-block-heading\">T\u00fcr leicht ge\u00f6ffnet<\/h3>\n\n<p>Tineke freut sich auch auf den Moment, in dem alles wieder \u201enormal\u201c wird. Gl\u00fccklicherweise ist die T\u00fcr schon wieder leicht ge\u00f6ffnet, und die letzten drei Monate sind, in ihren Worten, recht schnell vergangen.<br \/><strong>\u201eEs ist Zeit, wieder eine Tasse Kaffee an unserem gem\u00fctlichen Kaffeetisch zu genie\u00dfen! Im Moment vereinbaren wir bereits viele Termine, und es ist gro\u00dfartig, Kunden wieder begr\u00fc\u00dfen zu d\u00fcrfen. Wir arbeiten wirklich mit einem Zeitplan, und jede Stunde oder anderthalb Stunden kommen neue Kunden herein. Das f\u00fchlt sich gut an und ist ein Schritt in die richtige Richtung.\u201c<\/strong><\/p>\n\n<hr class=\"wp-block-separator has-alpha-channel-opacity\" \/>\n\n<h3 class=\"wp-block-heading\">\u00dcber Maribelle Mode<\/h3>\n\n<p><strong>Maribelle Mode<\/strong> verkauft die neuesten Damenkollektionen verschiedener Marken wie <strong>Maison Scotch, ICHI, Summum, Geisha, OPUS, Poools, YAYA, MAC und Tramontana<\/strong>. Alle Modestile finden Sie unter einem Dach, kombiniert mit Schuhen, Stiefeln, Taschen und Schmuck. Bei einer Tasse Kaffee erhalten Sie stets eine passende und pers\u00f6nliche Modeberatung.  <\/p>\n","protected":false},"excerpt":{"rendered":"<p>\u201eMan muss jeden einzelnen Tag selbst eine angenehme Atmosph\u00e4re schaffen.\u201c Tineke ist seit 32 Jahren Inhaberin von Maribelle Mode, einem Damenmodegesch\u00e4ft in Klundert. Als sie 21 war, wurde im Dorf eine Ladenfl\u00e4che frei, und sie ergriff die Gelegenheit. Sie er\u00f6ffnete ihr eigenes Bekleidungsgesch\u00e4ft und f\u00fchrt viele Jahre sp\u00e4ter nun zwei Gesch\u00e4fte mit einem Team von&hellip;<\/p>\n","protected":false},"featured_media":0,"template":"","format":"standard","meta":[],"categories":[310],"class_list":["post-63919","stories","type-stories","status-publish","format-standard","hentry","category-ek-fashion","description-off"],"_links":{"self":[{"href":"https:\/\/www.ek-retail.com\/de\/wp-json\/wp\/v2\/stories\/63919","targetHints":{"allow":["GET"]}}],"collection":[{"href":"https:\/\/www.ek-retail.com\/de\/wp-json\/wp\/v2\/stories"}],"about":[{"href":"https:\/\/www.ek-retail.com\/de\/wp-json\/wp\/v2\/types\/stories"}],"wp:attachment":[{"href":"https:\/\/www.ek-retail.com\/de\/wp-json\/wp\/v2\/media?parent=63919"}],"wp:term":[{"taxonomy":"category","embeddable":true,"href":"https:\/\/www.ek-retail.com\/de\/wp-json\/wp\/v2\/categories?post=63919"}],"curies":[{"name":"wp","href":"https:\/\/api.w.org\/{rel}","templated":true}]}}