{"id":64086,"date":"2026-01-29T10:42:39","date_gmt":"2026-01-29T09:42:39","guid":{"rendered":"https:\/\/www-preview.ek-retail.com\/stories\/ek-living-praesent-auf-den-voorjaarsvakdagen-2026\/"},"modified":"2026-04-02T13:56:26","modified_gmt":"2026-04-02T11:56:26","slug":"ek-living-praesent-auf-den-voorjaarsvakdagen-2026","status":"publish","type":"stories","link":"https:\/\/www.ek-retail.com\/de\/stories\/ek-living-praesent-auf-den-voorjaarsvakdagen-2026\/","title":{"rendered":"EK Living pr\u00e4sent auf den Voorjaarsvakdagen 2026"},"content":{"rendered":"\n<p>Das neue Einrichtungsjahr steht kurz bevor, und EK Living wird dabei sein.<\/p>\n\n<p>Von <strong>Sonntag, 1. Februar bis Mittwoch, 4. Februar 2026<\/strong> werden die <strong>Voorjaarsvakdagen<\/strong> in <strong>De Woonindustrie<\/strong> erneut der zentrale Treffpunkt der Einrichtungsbranche sein. Mehr als <strong>300 Marken<\/strong> werden ihre Kollektionen und Trends pr\u00e4sentieren. <\/p>\n\n<p>W\u00e4hrend dieser Messetage finden Sie <strong>EK Living<\/strong> zusammen mit <strong>Linolux<\/strong> und unseren Eigenmarken <strong>Altijd Goed Slapen<\/strong> und <strong>OptiSleep<\/strong>. In unserem Showroom pr\u00e4sentieren wir unsere neue Schlafkollektion, erg\u00e4nzt durch bekannte Favoriten. <\/p>\n\n<p>Die Voorjaarsvakdagen sind die perfekte Gelegenheit, Inspirationen zu sammeln, die neuesten Entwicklungen im Schlafbereich zu entdecken und gezielte Eink\u00e4ufe zu t\u00e4tigen, um Ihr Sortiment zu st\u00e4rken.<\/p>\n\n<p>Zudem profitieren Sie von einem umfassenden Messeservice mit <strong>kostenlosen Parkpl\u00e4tzen<\/strong>, <strong>kostenlosem Catering<\/strong> und einer <strong>zentralen Lage in der N\u00e4he von Utrecht<\/strong>.<\/p>\n\n<p>Wir freuen uns darauf, Sie begr\u00fc\u00dfen zu d\u00fcrfen!<\/p>\n\n<p>M\u00f6chten Sie mehr erfahren oder den neuen Showroom besuchen?<\/p>\n\n<figure class=\"wp-block-image size-full\"><img fetchpriority=\"high\" decoding=\"async\" width=\"800\" height=\"500\" src=\"https:\/\/www.ek-retail.com\/wp-content\/uploads\/2026\/01\/afbeelding-3-1-1.jpg\" alt=\"\" class=\"wp-image-62037\" srcset=\"https:\/\/www.ek-retail.com\/wp-content\/uploads\/2026\/01\/afbeelding-3-1-1.jpg 800w, https:\/\/www.ek-retail.com\/wp-content\/uploads\/2026\/01\/afbeelding-3-1-1-300x188.jpg 300w, https:\/\/www.ek-retail.com\/wp-content\/uploads\/2026\/01\/afbeelding-3-1-1-768x480.jpg 768w\" sizes=\"(max-width: 800px) 100vw, 800px\" \/><\/figure>\n\n<p>Dann vereinbaren Sie bitte einen Termin mit:<br\/><strong>Arjan Morel \u2013 06 82 68 32 93 <br\/>Werner Op \u2019t Eijnde \u2013 06 53 25 61 90<\/strong><\/p>\n","protected":false},"excerpt":{"rendered":"<p>Das neue Einrichtungsjahr steht kurz bevor, und EK Living wird dabei sein. Von Sonntag, 1. Februar bis Mittwoch, 4. Februar 2026 werden die Voorjaarsvakdagen in De Woonindustrie erneut der zentrale Treffpunkt der Einrichtungsbranche sein. Mehr als 300 Marken werden ihre Kollektionen und Trends pr\u00e4sentieren. W\u00e4hrend dieser Messetage finden Sie EK Living zusammen mit Linolux und&hellip;<\/p>\n","protected":false},"featured_media":0,"template":"","format":"standard","meta":[],"categories":[312],"class_list":["post-64086","stories","type-stories","status-publish","format-standard","hentry","category-ek-living","description-off"],"_links":{"self":[{"href":"https:\/\/www.ek-retail.com\/de\/wp-json\/wp\/v2\/stories\/64086","targetHints":{"allow":["GET"]}}],"collection":[{"href":"https:\/\/www.ek-retail.com\/de\/wp-json\/wp\/v2\/stories"}],"about":[{"href":"https:\/\/www.ek-retail.com\/de\/wp-json\/wp\/v2\/types\/stories"}],"wp:attachment":[{"href":"https:\/\/www.ek-retail.com\/de\/wp-json\/wp\/v2\/media?parent=64086"}],"wp:term":[{"taxonomy":"category","embeddable":true,"href":"https:\/\/www.ek-retail.com\/de\/wp-json\/wp\/v2\/categories?post=64086"}],"curies":[{"name":"wp","href":"https:\/\/api.w.org\/{rel}","templated":true}]}}