{"id":64110,"date":"2026-01-29T10:48:27","date_gmt":"2026-01-29T09:48:27","guid":{"rendered":"https:\/\/www-preview.ek-retail.com\/stories\/jurgen-van-rooij-persoenlicher-kontakt-steht-an-erster-stelle\/"},"modified":"2026-02-04T17:38:36","modified_gmt":"2026-02-04T16:38:36","slug":"jurgen-van-rooij-persoenlicher-kontakt-steht-an-erster-stelle","status":"publish","type":"stories","link":"https:\/\/www.ek-retail.com\/de\/stories\/jurgen-van-rooij-persoenlicher-kontakt-steht-an-erster-stelle\/","title":{"rendered":"Jurgen van Rooij: \u201ePers\u00f6nlicher Kontakt steht an erster Stelle\u201c"},"content":{"rendered":"\n<p>\u201eAls Formido als Organisation aufh\u00f6rte zu existieren, mussten wir uns nach einer Alternative umsehen. Wir haben uns f\u00fcr Hubo entschieden, weil uns das Konzept sehr angesprochen hat\u201c, sagt Jurgen van Rooij, Inhaber von Hubo-Filialen in Asten und Sint-Oedenrode. \u201eDar\u00fcber hinaus hat man die volle Freiheit, weiterhin selbstst\u00e4ndig zu agieren, und das ist mir wichtig. Ich m\u00f6chte nicht der Filialleiter meines eigenen Gesch\u00e4fts sein.\u201c <\/p>\n\n<p>\u201eDie Vision von Hubo in Bezug auf ma\u00dfgeschneiderte L\u00f6sungen passt perfekt zu unserer Auffassung von der Entwicklung des DIY-Sektors. Es gibt Wettbewerber, die sich haupts\u00e4chlich auf den Preis konzentrieren, und am anderen Ende des Spektrums steht Hubo, wo professionelle Beratung und pers\u00f6nlicher Kundenkontakt an erster Stelle stehen. Wir kennen unseren Markt, die Menschen, die hier leben, und ihre Bed\u00fcrfnisse. Mit unserem Team und der Produktpalette k\u00f6nnen wir darauf sehr gut reagieren.\u201c<\/p>\n\n<p>\u201eDie Kombination mit Decorette funktioniert hervorragend; sie ist eine wertvolle Erg\u00e4nzung zum Hubo-Konzept. In Asten haben wir einen Decorette Shop-in-Shop, in dem qualifizierte Frauen arbeiten, die ihr Handwerk wirklich verstehen. Wir bieten den Verbrauchern dort Inspiration, und sie k\u00f6nnen sich auf professionelle Beratung verlassen, wenn es um die Inneneinrichtung geht.\u201c<\/p>\n\n<p>\u201eDie Kunden reagieren sehr positiv auf Hubo, insbesondere weil das Konzept und das Erscheinungsbild sehr zeitgem\u00e4\u00df sind und sich von dem unterscheiden, was sie erwartet hatten. Das etwas altmodische Gef\u00fchl aus der Vergangenheit ist komplett verschwunden. Hubo hat in den letzten Jahren eine komplette Transformation durchgemacht und ist bereit f\u00fcr die Zukunft\u201c, sagt Jurgen van Rooij.<\/p>\n","protected":false},"excerpt":{"rendered":"<p>\u201eAls Formido als Organisation aufh\u00f6rte zu existieren, mussten wir uns nach einer Alternative umsehen. Wir haben uns f\u00fcr Hubo entschieden, weil uns das Konzept sehr angesprochen hat\u201c, sagt Jurgen van Rooij, Inhaber von Hubo-Filialen in Asten und Sint-Oedenrode. \u201eDar\u00fcber hinaus hat man die volle Freiheit, weiterhin selbstst\u00e4ndig zu agieren, und das ist mir wichtig. Ich&hellip;<\/p>\n","protected":false},"featured_media":0,"template":"","format":"standard","meta":[],"categories":[315],"class_list":["post-64110","stories","type-stories","status-publish","format-standard","hentry","category-ek-diy","description-off"],"_links":{"self":[{"href":"https:\/\/www.ek-retail.com\/de\/wp-json\/wp\/v2\/stories\/64110","targetHints":{"allow":["GET"]}}],"collection":[{"href":"https:\/\/www.ek-retail.com\/de\/wp-json\/wp\/v2\/stories"}],"about":[{"href":"https:\/\/www.ek-retail.com\/de\/wp-json\/wp\/v2\/types\/stories"}],"wp:attachment":[{"href":"https:\/\/www.ek-retail.com\/de\/wp-json\/wp\/v2\/media?parent=64110"}],"wp:term":[{"taxonomy":"category","embeddable":true,"href":"https:\/\/www.ek-retail.com\/de\/wp-json\/wp\/v2\/categories?post=64110"}],"curies":[{"name":"wp","href":"https:\/\/api.w.org\/{rel}","templated":true}]}}