{"id":64963,"date":"2026-02-11T09:14:00","date_gmt":"2026-02-11T08:14:00","guid":{"rendered":"https:\/\/www-preview.ek-retail.com\/stories\/im-rampenlicht-dolimah-de-best-dumernit-37-jahre-leidenschaft-fuer-mode-bei-cees-de-best-b-v\/"},"modified":"2026-02-11T09:19:10","modified_gmt":"2026-02-11T08:19:10","slug":"im-rampenlicht-dolimah-de-best-dumernit-37-jahre-leidenschaft-fuer-mode-bei-cees-de-best-b-v","status":"publish","type":"stories","link":"https:\/\/www.ek-retail.com\/de\/stories\/im-rampenlicht-dolimah-de-best-dumernit-37-jahre-leidenschaft-fuer-mode-bei-cees-de-best-b-v\/","title":{"rendered":"Im Rampenlicht: Dolimah de Best-Dumernit \u2013 37 Jahre Leidenschaft f\u00fcr Mode bei Cees de Best B.V."},"content":{"rendered":"\n<h2 class=\"wp-block-heading\">\u00dcber Wachstum, Zusammenarbeit und die Zukunft der Mode<\/h2>\n\n<p><strong>Ein Leben in der Mode<\/strong><br\/>Mit beeindruckenden 37 Jahren Erfahrung in der Modebranche darf sich Dolimah de Best-Dumernit zu Recht eine erfahrene Modeexpertin nennen. Ihre Karriere begann bei Inkoopcombinatie Nederland, wonach sie bei Obema aufstieg. Dort arbeitete sie bereits intensiv mit Cees de Best zusammen. 1992 trat sie in sein Unternehmen ein und \u00fcbernahm 2007, nach dem Tod von Cees, ohne Z\u00f6gern die F\u00fchrung. Seitdem leitet sie Cees de Best B.V. mit Herz und Seele.    <\/p>\n\n<p><strong>Cees de Best B.V.: eine starke Modeagentur<\/strong><br\/>Die erfolgreiche Damenmodeagentur in Lijnden vertritt seit Jahren starke Marken. Monari ist dabei Dolimahs pers\u00f6nlicher Favorit. \u201eSeit 1994 arbeiten wir zusammen, und das f\u00fchlt sich nach all den Jahren fast wie Familie an\u201c, erz\u00e4hlt sie. Auch f\u00fcr die Zukunft sind neue Favoriten geplant, doch das bleibt vorerst noch eine \u00dcberraschung.   <\/p>\n\n<p><strong>Immer in Bewegung<\/strong><br\/>Was Dolimah so an Mode fasziniert? Die Dynamik. \u201eDie Modewelt ist immer in Bewegung, und das liegt mir sehr\u201c, sagt sie. Diese Energie spiegelt sich auch in der Art und Weise wider, wie sie ihr Unternehmen f\u00fchrt: immer offen f\u00fcr neue Ideen und Chancen.   <\/p>\n\n<p><strong>Stolz auf Wachstum und Zusammenarbeit<\/strong><br\/>Wenn sie zur\u00fcckblickt, ist Dolimah besonders stolz auf die Arbeitsweise, die sich in der letzten Zeit entwickelt hat. \u201eWir haben unseren Service auf ein hohes Niveau gebracht, die Zusammenarbeit ausgebaut und sind offen f\u00fcr andere Perspektiven. Dadurch wachsen wir immer noch und konnten sogar unser Team erweitern.\u201c <\/p>\n\n<p><strong>Ausblick: Digitalisierung und Vernetzung<\/strong><br\/>In den kommenden Jahren dreht sich alles um noch mehr Zusammenarbeit und die Unterst\u00fctzung von Partnern. Mit Monari kommt nun ein wertvolles Tool hinzu: die Monari Business App. Diese App bietet direkte Unterst\u00fctzung am Point of Sale \u2013 von Artikelinhalten und VM-Richtlinien bis zum Versenden von Fotos. \u201eAlle Tools passen perfekt zusammen und verbinden die Offline- und Online-Welt. Das bietet unseren Partnern einen echten Mehrwert.\u201c   <\/p>\n\n<p><strong>Wertvoller Sparringspartner<\/strong><br\/>Auch die Zusammenarbeit mit EK Fashion spielt eine wichtige Rolle. Dolimah spricht mit gro\u00dfer Wertsch\u00e4tzung \u00fcber den Kontakt zu Alm Wiggers. \u201eOb es um Zahlen, Partner oder Kollektionen geht: Mit Alm k\u00f6nnen wir immer Sparring betreiben. Das ist f\u00fcr uns unglaublich wertvoll.\u201c  <\/p>\n\n<p><strong>Mit Leidenschaft f\u00fcr Mode, einem Auge f\u00fcr Zusammenarbeit und einer klaren Vision f\u00fchrt Dolimah de Best Cees de Best B.V. weiterhin mit Kraft und Herzlichkeit \u2013 bereit f\u00fcr eine dynamische Zukunft.<\/strong><\/p>\n","protected":false},"excerpt":{"rendered":"<p>\u00dcber Wachstum, Zusammenarbeit und die Zukunft der Mode Ein Leben in der ModeMit beeindruckenden 37 Jahren Erfahrung in der Modebranche darf sich Dolimah de Best-Dumernit zu Recht eine erfahrene Modeexpertin nennen. Ihre Karriere begann bei Inkoopcombinatie Nederland, wonach sie bei Obema aufstieg. Dort arbeitete sie bereits intensiv mit Cees de Best zusammen. 1992 trat sie&hellip;<\/p>\n","protected":false},"featured_media":0,"template":"","format":"standard","meta":[],"categories":[310],"class_list":["post-64963","stories","type-stories","status-publish","format-standard","hentry","category-ek-fashion","description-off"],"_links":{"self":[{"href":"https:\/\/www.ek-retail.com\/de\/wp-json\/wp\/v2\/stories\/64963","targetHints":{"allow":["GET"]}}],"collection":[{"href":"https:\/\/www.ek-retail.com\/de\/wp-json\/wp\/v2\/stories"}],"about":[{"href":"https:\/\/www.ek-retail.com\/de\/wp-json\/wp\/v2\/types\/stories"}],"wp:attachment":[{"href":"https:\/\/www.ek-retail.com\/de\/wp-json\/wp\/v2\/media?parent=64963"}],"wp:term":[{"taxonomy":"category","embeddable":true,"href":"https:\/\/www.ek-retail.com\/de\/wp-json\/wp\/v2\/categories?post=64963"}],"curies":[{"name":"wp","href":"https:\/\/api.w.org\/{rel}","templated":true}]}}