{"id":65605,"date":"2025-12-03T13:15:00","date_gmt":"2025-12-03T12:15:00","guid":{"rendered":"https:\/\/www-preview.ek-retail.com\/stories\/frank-heus-uebernimmt-die-leitung-von-ek-fashion\/"},"modified":"2026-04-02T14:48:24","modified_gmt":"2026-04-02T12:48:24","slug":"frank-heus-uebernimmt-die-leitung-von-ek-fashion","status":"publish","type":"stories","link":"https:\/\/www.ek-retail.com\/de\/stories\/frank-heus-uebernimmt-die-leitung-von-ek-fashion\/","title":{"rendered":"Frank Heus \u00fcbernimmt die Leitung von EK Fashion"},"content":{"rendered":"\n<p>Amersfoort\/Bielefeld, 3. Dezember 2025 \u2013 Frank Heus wird neuer Director der Business Unit EK Fashion: Der niederl\u00e4ndische Manager \u00fcbernimmt zum 1. Januar 2026 die Verantwortung f\u00fcr das Fashion-Segment innerhalb der Mehrbranchenverbundgruppe EK Retail.<\/p>\n\n<p>Heus bringt umfassende F\u00fchrungserfahrung auf europ\u00e4ischer Ebene in den Bereichen Vertrieb, Marketing und Management mit. Zu seinen bisherigen Erfolgen z\u00e4hlt der erfolgreiche Auf- und Ausbau von Markenpositionen in Unternehmen und Organisationen verschiedenster Branchen. <\/p>\n\n<p>In seiner neuen Rolle sieht sich Frank Heus vor allem als Impulsgeber und Motivator f\u00fcr ein starkes EK Fashion Team: <em>\u201eNeben einer konsequenten Zielgruppenorientierung in Sortiment und Marketing wird es entscheidend darauf ankommen, belastbare Beziehungen aufzubauen und Br\u00fccken nach innen wie nach au\u00dfen zu schlagen\u201c<\/em>, skizziert Heus seine Ziele f\u00fcr 2026.<\/p>\n\n<p>Dieses Ziel passt laut Martin Richrath, CEO von EK Retail, perfekt zur DNA der Gruppe: <em>\u201eKundenn\u00e4he und die enge Zusammenarbeit mit Partnern aus Handel und Industrie bieten die beste Grundlage, um den Handel in Zeiten wirtschaftlicher und geopolitischer Unsicherheiten, die das Vertrauen der Verbraucher beeinflussen, zu unterst\u00fctzen. Wir sind davon \u00fcberzeugt, dass Frank Heus einen wesentlichen Beitrag zur weiteren positiven Entwicklung von EK Fashion leisten wird.\u201c<\/em><\/p>\n\n<p>Nicht nur die Kollegen in Amersfoort freuen sich auf die neue F\u00fchrungskraft. Auch das EK Fashion Team in der D-A-CH-Region unter der Leitung von Thomas Schwab, Head of Sales D-A-CH f\u00fcr EK Fashion, blickt der Zusammenarbeit mit Frank Heus im kommenden Jahr mit gro\u00dfer Zuversicht und hohen Erwartungen entgegen. <\/p>\n\n<hr class=\"wp-block-separator has-alpha-channel-opacity\"\/>\n\n<p><strong>Bildunterschrift:<\/strong><br\/>Frank Heus \u00fcbernimmt am 1. Januar 2026 die Position des Director EK Fashion innerhalb der Mehrbranchenverbundgruppe EK Retail.<\/p>\n\n<p><strong>Kontakt EK Retail:<\/strong><br\/>Paul Spieker<br\/>Communications &amp; Cooperations Manager Group<br\/>Telefon: +49 521 2092200<br\/>E-Mail: p.spieker@ek-retail.com<\/p>\n","protected":false},"excerpt":{"rendered":"<p>Amersfoort\/Bielefeld, 3. Dezember 2025 \u2013 Frank Heus wird neuer Director der Business Unit EK Fashion: Der niederl\u00e4ndische Manager \u00fcbernimmt zum 1. Januar 2026 die Verantwortung f\u00fcr das Fashion-Segment innerhalb der Mehrbranchenverbundgruppe EK Retail. Heus bringt umfassende F\u00fchrungserfahrung auf europ\u00e4ischer Ebene in den Bereichen Vertrieb, Marketing und Management mit. Zu seinen bisherigen Erfolgen z\u00e4hlt der erfolgreiche&hellip;<\/p>\n","protected":false},"featured_media":0,"template":"","format":"standard","meta":[],"categories":[310],"class_list":["post-65605","stories","type-stories","status-publish","format-standard","hentry","category-ek-fashion","description-off"],"_links":{"self":[{"href":"https:\/\/www.ek-retail.com\/de\/wp-json\/wp\/v2\/stories\/65605","targetHints":{"allow":["GET"]}}],"collection":[{"href":"https:\/\/www.ek-retail.com\/de\/wp-json\/wp\/v2\/stories"}],"about":[{"href":"https:\/\/www.ek-retail.com\/de\/wp-json\/wp\/v2\/types\/stories"}],"wp:attachment":[{"href":"https:\/\/www.ek-retail.com\/de\/wp-json\/wp\/v2\/media?parent=65605"}],"wp:term":[{"taxonomy":"category","embeddable":true,"href":"https:\/\/www.ek-retail.com\/de\/wp-json\/wp\/v2\/categories?post=65605"}],"curies":[{"name":"wp","href":"https:\/\/api.w.org\/{rel}","templated":true}]}}