{"id":65610,"date":"2025-09-18T11:27:00","date_gmt":"2025-09-18T09:27:00","guid":{"rendered":"https:\/\/www-preview.ek-retail.com\/stories\/aufsichtsrat-von-ek-retail-konstituiert-sich-neu\/"},"modified":"2026-02-19T08:59:16","modified_gmt":"2026-02-19T07:59:16","slug":"aufsichtsrat-von-ek-retail-konstituiert-sich-neu","status":"publish","type":"stories","link":"https:\/\/www.ek-retail.com\/de\/stories\/aufsichtsrat-von-ek-retail-konstituiert-sich-neu\/","title":{"rendered":"Aufsichtsrat von EK Retail konstituiert sich neu"},"content":{"rendered":"\n<p>Bielefeld, 18. September 2025<\/p>\n\n<p>Vertreterversammlung w\u00e4hlt Johan G.M. Vlassak in den Aufsichtsrat \/ Dr. Marc Zgaga zum neuen stellvertretenden Aufsichtsratsvorsitzenden ernannt<\/p>\n\n<p>Am 16. September 2025 kamen die Mitgliedervertreter von EK Retail nach der j\u00e4hrlichen Generalversammlung im April in Amersfoort (Niederlande) erneut zusammen \u2013 dieses Mal am deutschen Hauptsitz des Unternehmens in Bielefeld. Neben weiteren Tagesordnungspunkten standen Wahlen zum Aufsichtsrat an. Nach dem satzungsgem\u00e4\u00dfen Ausscheiden von Peter Dirks w\u00e4hlte die Vertreterversammlung Johan Vlassak in den Aufsichtsrat der Mehrbranchenverbundgruppe, die die Interessen von \u00fcber 3.800 internationalen Handelspartnern vertritt. In der anschlie\u00dfenden konstituierenden Sitzung w\u00e4hlte der neu formierte Aufsichtsrat Dr. Marc Zgaga zum stellvertretenden Vorsitzenden des Aufsichtsrats.   <\/p>\n\n<p>Peter Dirks, ein profilierter niederl\u00e4ndischer Experte f\u00fcr Einzelhandel und Finanzen sowie ehemaliger Aufsichtsratsvorsitzender von Euretco (EK Netherlands), schied nach dreij\u00e4hriger Amtszeit, zuletzt als stellvertretender Vorsitzender, satzungsgem\u00e4\u00df aus dem Amt aus. Aufsichtsrat, Vorstand und Vertreterversammlung sprachen ihm ihren aufrichtigen Dank f\u00fcr seinen engagierten Einsatz aus, insbesondere im Hinblick auf die erfolgreiche Internationalisierung von EK Retail, und w\u00fcnschten ihm f\u00fcr die Zukunft alles Gute. <\/p>\n\n<p>Johan Vlassak bewarb sich um den vakanten Sitz und stellte sich den EK-Vertretern auf der Versammlung in Bielefeld vor. Der geb\u00fcrtige Eindhovener blickt auf eine erfolgreiche Karriere im Finanzwesen zur\u00fcck und bekleidete verschiedene F\u00fchrungspositionen im Firmenkundengesch\u00e4ft, unter anderem bei der niederl\u00e4ndischen Gro\u00dfbank ABN AMRO und der genossenschaftlich organisierten Rabobank. <\/p>\n\n<p>Einer der Schwerpunkte des Einzelhandels- und Finanzspezialisten, der einen Master of Business Valuation (MBV) h\u00e4lt, ist die Bewertung des finanziellen Unternehmenswertes mit besonderem Fokus auf Fusionen und \u00dcbernahmen. Zuletzt war Vlassak als Direktor und Partner bei Crowe Foederer Corporate Finance BV t\u00e4tig, einer der f\u00fchrenden niederl\u00e4ndischen Wirtschaftspr\u00fcfungs- und Beratungsgesellschaften.<br\/>In der anschlie\u00dfenden Abstimmung w\u00e4hlte ihn die Vertreterversammlung in den Aufsichtsrat. \u201eJohan Vlassak ist ein sehr erfahrener Fachmann auf dem weiten Feld der Finanzanalyse und der strategischen Entscheidungsfindung. Neben seiner fundierten Expertise im Einzelhandel bringt er eine wertvolle Au\u00dfenperspektive in unsere Unternehmensgruppe ein \u2013 eine, die neue Horizonte er\u00f6ffnet und uns zweifellos noch st\u00e4rker machen wird. Wir freuen uns auf eine erfolgreiche Zusammenarbeit mit ihm\u201c, sagte EK-Vorstandsvorsitzender Martin Richrath.<br\/>Strategische Neuausrichtung im Aufsichtsrat: Stellvertretender Vorsitzender ernannt, Vorsitzender best\u00e4tigt<br\/>Im Anschluss an die Vertreterversammlung hielt der Aufsichtsrat seine konstituierende Sitzung ab und w\u00e4hlte Dr. Marc Zgaga \u2013 promovierter Jurist, Mitglied des Aufsichtsrats seit April 2025, Gesch\u00e4ftsf\u00fchrer von DER MITTELSTANDSVERBUND-ZGV e.V. und Vorstand bei der ServiCon Service &amp; Consult eG \u2013 zu seinem neuen stellvertretenden Vorsitzenden.<br\/>Johannes Lenzschau wurde von seinen Ratskollegen in seinem Amt als Aufsichtsratsvorsitzender best\u00e4tigt.  <\/p>\n\n<p>Die Zusammensetzung des Aufsichtsrats stellt sich wie folgt dar:<br\/>Johannes Lenzschau (Vorsitzender), Wildeshausen (DE)<br\/>Dr. Marc Zgaga (Stellvertretender Vorsitzender), K\u00f6ln (DE)<br\/>Johan Vlassak, Budel (NL)<br\/>Wolfgang Neuhoff, Dortmund (DE)<br\/>Paul Berden, Venlo-Blerick (NL)<br\/>Nico Vanderveen, Assen (NL)<\/p>\n","protected":false},"excerpt":{"rendered":"<p>Bielefeld, 18. September 2025 Vertreterversammlung w\u00e4hlt Johan G.M. Vlassak in den Aufsichtsrat \/ Dr. Marc Zgaga zum neuen stellvertretenden Aufsichtsratsvorsitzenden ernannt Am 16. September 2025 kamen die Mitgliedervertreter von EK Retail nach der j\u00e4hrlichen Generalversammlung im April in Amersfoort (Niederlande) erneut zusammen \u2013 dieses Mal am deutschen Hauptsitz des Unternehmens in Bielefeld. Neben weiteren Tagesordnungspunkten&hellip;<\/p>\n","protected":false},"featured_media":0,"template":"","format":"standard","meta":[],"categories":[293],"class_list":["post-65610","stories","type-stories","status-publish","format-standard","hentry","category-nicht-kategorisiert","description-off"],"_links":{"self":[{"href":"https:\/\/www.ek-retail.com\/de\/wp-json\/wp\/v2\/stories\/65610","targetHints":{"allow":["GET"]}}],"collection":[{"href":"https:\/\/www.ek-retail.com\/de\/wp-json\/wp\/v2\/stories"}],"about":[{"href":"https:\/\/www.ek-retail.com\/de\/wp-json\/wp\/v2\/types\/stories"}],"wp:attachment":[{"href":"https:\/\/www.ek-retail.com\/de\/wp-json\/wp\/v2\/media?parent=65610"}],"wp:term":[{"taxonomy":"category","embeddable":true,"href":"https:\/\/www.ek-retail.com\/de\/wp-json\/wp\/v2\/categories?post=65610"}],"curies":[{"name":"wp","href":"https:\/\/api.w.org\/{rel}","templated":true}]}}