{"id":66201,"date":"2026-02-26T11:13:13","date_gmt":"2026-02-26T10:13:13","guid":{"rendered":"https:\/\/www-preview.ek-retail.com\/stories\/langjaehrige-partnerschaft-zwischen-ek-retail-und-groupe-seb-wird-weiter-ausgebaut\/"},"modified":"2026-02-26T11:17:02","modified_gmt":"2026-02-26T10:17:02","slug":"langjaehrige-partnerschaft-zwischen-ek-retail-und-groupe-seb-wird-weiter-ausgebaut","status":"publish","type":"stories","link":"https:\/\/www.ek-retail.com\/de\/stories\/langjaehrige-partnerschaft-zwischen-ek-retail-und-groupe-seb-wird-weiter-ausgebaut\/","title":{"rendered":"Langj\u00e4hrige Partnerschaft zwischen EK Retail und Groupe SEB wird weiter ausgebaut"},"content":{"rendered":"\n<p>EK Retail und Groupe SEB starten strategische Kooperation, aufbauend auf \u00fcber 60 Jahren Partnerschaft \/ EK Retail \u00fcbernimmt im Rahmen des \u201eMarkenservice WMF\u201c exklusiv die Belieferung des Fachhandels \/ Bestellungen \u00fcber das WMF-Lager Dornstadt entfallen.<\/p>\n\n<p>Bielefeld\/Geislingen a.d. Steige, 21.01.2026 \u2013 Die Mehrbranchen-Verbundgruppe EK Retail und die Groupe SEB, zu der unter anderem die Premiummarke WMF geh\u00f6rt, intensivieren ihre erfolgreiche Zusammenarbeit und setzen ein klares Zeichen f\u00fcr die Zukunft des station\u00e4ren Fachhandels. Ab dem 01.02.2026 startet unter dem Motto \u201eGemeinsam die Zukunft des Fachhandels gestalten\u201c eine strategische Kooperation zwischen EK Retail und der Groupe SEB, die den Handel durch optimierte Prozesse und Markenkompetenz aus einer Hand nachhaltig st\u00e4rkt. Im Rahmen des sogenannten \u201eMarkenservice WMF\u201c erfolgt die Belieferung von Fachh\u00e4ndlern mit WMF-Markenshop in Deutschland zuk\u00fcnftig exklusiv \u00fcber den Gro\u00dfhandel der EK Retail. Damit entfallen Bestellungen \u00fcber das WMF-Lager Dornstadt.    <\/p>\n\n<p>Mit der konsequenten Ausrichtung an den Bed\u00fcrfnissen der H\u00e4ndler setzen beide Unternehmen ein klares Zeichen f\u00fcr die Zukunft des station\u00e4ren Fachhandels. Durch die zentrale Belieferung \u00fcber den Gro\u00dfhandel der EK Retail profitieren die Fachh\u00e4ndler von reduzierter Komplexit\u00e4t bei Bestellvorg\u00e4ngen, besserer Planbarkeit, einer schnellen Belieferung und dem gewohnt umfassenden Serviceangebot. Die enge Abstimmung beider Kooperationspartner zu Sortiment, Listungen, Promos und Messeangeboten erm\u00f6glicht einen zentral koordinierten Marketingplan und eine POS-Gestaltung aus einer Hand.  <\/p>\n\n<hr class=\"wp-block-separator has-alpha-channel-opacity\"\/>\n\n<p>\u201eUnser Ziel ist es, den Fachhandel in seiner Rolle als kompetenter Ansprechpartner f\u00fcr Premiumprodukte zu unterst\u00fctzen. Die Kooperation mit unserem Partner WMF ist ein wichtiger Schritt, um dem Fachhandel einen echten Mehrwert zu bieten\u201c, erkl\u00e4rt Jochen Pohle, Chief Retail Officer der EK Retail. Susanne Heiduczek, die den Gesch\u00e4ftsbereich EK Home Housewares als General Manager verantwortet, erg\u00e4nzt: \u201eMit dem Markenservice WMF bieten wir dem H\u00e4ndler die M\u00f6glichkeit, Produkte der Marke WMF schnell und effizient \u00fcber unser Orderportal zu beziehen und sichern somit die optimale Warenpr\u00e4senz am POS.\u201c <\/p>\n\n<p>Auch WMF sieht in der Zusammenarbeit eine gro\u00dfe Chance: \u201eEin starker Fachhandel ist von hoher strategischer Bedeutung f\u00fcr uns. Indem wir die Zusammenarbeit mit EK Retail auf die n\u00e4chste Stufe heben und Bestellprozesse vereinfachen, bieten wir den H\u00e4ndlern die besten Voraussetzungen f\u00fcr erfolgreiches Arbeiten mit unserer Marke\u201c, so Fenno de Boer, Vice President Sales, Groupe SEB WMF Consumer GmbH. Jens Biermann, Account Director bei Groupe SEB WMF Consumer GmbH, f\u00fcgt hinzu: \u201eUnsere gute Beziehung zu unseren Fachhandelspartnern ist \u00fcber viele Jahre gewachsen. Diese Vertrauensbasis wollen wir weiter st\u00e4rken. Durch die geb\u00fcndelte Logistik \u00fcber EK Retail k\u00f6nnen wir uns auf das fokussieren, was wirklich z\u00e4hlt: gute Beratung und starker Service am POS.\u201d <\/p>\n\n<p>Die Kooperation startet am 1. Februar 2026 und umfasst das gesamte WMF-Sortiment f\u00fcr den Fachhandel in Deutschland. Eine \u00dcbergangsphase bis Ende April 2026 erm\u00f6glicht eine reibungslose Umstellung. Nach der \u00dcbergangszeit erfolgt ab 1. Mai die Bestellung und Belieferung der Fachh\u00e4ndler mit dem WMF-Sortiment ausschlie\u00dflich \u00fcber den EK Gro\u00dfhandel. Die Bestellabwicklung und der Datenaustausch erfolgen weiterhin \u00fcber die bekannten Systeme wie EK Orderportal, EK Mediencenter und nmedia hub.<br\/>Der SEB-Au\u00dfendienst wird weiterhin beratend t\u00e4tig sein und bei der Auftragserfassung unterst\u00fctzen. Erg\u00e4nzend k\u00f6nnen wie bisher die Marken Silit, Kaiser, Tefal, Rowenta, Krups und Emsa gesammelt \u00fcber das EK Lager bezogen werden.   <\/p>\n\n<p>Der SEB-Au\u00dfendienst wird weiterhin beratend t\u00e4tig sein und bei der Auftragserfassung unterst\u00fctzen. Erg\u00e4nzend k\u00f6nnen wie bisher die Marken Silit, Kaiser, Tefal, Rowenta, Krups und Emsa gesammelt \u00fcber das EK Lager bezogen werden. <\/p>\n\n<hr class=\"wp-block-separator has-alpha-channel-opacity\"\/>\n","protected":false},"excerpt":{"rendered":"<p>EK Retail und Groupe SEB starten strategische Kooperation, aufbauend auf \u00fcber 60 Jahren Partnerschaft \/ EK Retail \u00fcbernimmt im Rahmen des \u201eMarkenservice WMF\u201c exklusiv die Belieferung des Fachhandels \/ Bestellungen \u00fcber das WMF-Lager Dornstadt entfallen. Bielefeld\/Geislingen a.d. Steige, 21.01.2026 \u2013 Die Mehrbranchen-Verbundgruppe EK Retail und die Groupe SEB, zu der unter anderem die Premiummarke WMF&hellip;<\/p>\n","protected":false},"featured_media":0,"template":"","format":"standard","meta":[],"categories":[318],"class_list":["post-66201","stories","type-stories","status-publish","format-standard","hentry","category-ek-home","description-off"],"_links":{"self":[{"href":"https:\/\/www.ek-retail.com\/de\/wp-json\/wp\/v2\/stories\/66201","targetHints":{"allow":["GET"]}}],"collection":[{"href":"https:\/\/www.ek-retail.com\/de\/wp-json\/wp\/v2\/stories"}],"about":[{"href":"https:\/\/www.ek-retail.com\/de\/wp-json\/wp\/v2\/types\/stories"}],"wp:attachment":[{"href":"https:\/\/www.ek-retail.com\/de\/wp-json\/wp\/v2\/media?parent=66201"}],"wp:term":[{"taxonomy":"category","embeddable":true,"href":"https:\/\/www.ek-retail.com\/de\/wp-json\/wp\/v2\/categories?post=66201"}],"curies":[{"name":"wp","href":"https:\/\/api.w.org\/{rel}","templated":true}]}}