{"id":66221,"date":"2026-02-26T11:57:14","date_gmt":"2026-02-26T10:57:14","guid":{"rendered":"https:\/\/www-preview.ek-retail.com\/stories\/impulsstarker-jahreswechsel-erfolgreiche-gemeinschaftskampagne-von-electroplus-kuechenplus-und-bosch\/"},"modified":"2026-02-26T12:02:55","modified_gmt":"2026-02-26T11:02:55","slug":"impulsstarker-jahreswechsel-erfolgreiche-gemeinschaftskampagne-von-electroplus-kuechenplus-und-bosch","status":"publish","type":"stories","link":"https:\/\/www.ek-retail.com\/de\/stories\/impulsstarker-jahreswechsel-erfolgreiche-gemeinschaftskampagne-von-electroplus-kuechenplus-und-bosch\/","title":{"rendered":"Impulsstarker Jahreswechsel &#8211; Erfolgreiche Gemeinschaftskampagne von electroplus k\u00fcchenplus und Bosch"},"content":{"rendered":"\n<p>Bielefeld, 17.02.2026 \u2013 Mit ihrer zweistufigen Kampagne zum Jahreswechsel haben electroplus k\u00fcchenplus und Bosch eindrucksvoll demonstriert, wie kraftvoll ein Zusammenspiel aus Handel, Industrie und durchdachtem Marketing wirken kann.<\/p>\n\n<p>Im Zentrum der Aktion stand die gezielte Abverkaufsunterst\u00fctzung ausgew\u00e4hlter Bosch Waschmaschinen und Trockner bei den teilnehmenden electroplus k\u00fcchenplus Fachh\u00e4ndlern. Vom 1. Dezember 2025 bis zum 31. Januar 2026 profitierten Kundinnen und Kunden beim Kauf eines Aktionsger\u00e4ts direkt an der Kasse von einem Sofortrabatt in H\u00f6he von 50 \u20ac. <\/p>\n\n<hr class=\"wp-block-separator has-alpha-channel-opacity\"\/>\n\n<h3 class=\"wp-block-heading\">Wirkung \u00fcber das Weihnachtsgesch\u00e4ft hinaus<\/h3>\n\n<p>Die Kampagne folgte einer klaren Dramaturgie: Im Dezember setzte der Auftakt \u201eMerry CASHmas\u201c den Fokus auf das Weihnachtsgesch\u00e4ft, im Januar wurde die Kampagne dann unter dem Motto \u201eHappy New CASH!\u201c fortgef\u00fchrt.<\/p>\n\n<p>Ziel war es, Aufmerksamkeit und Kaufbereitschaft \u00fcber die Feiertage hinaus in den Jahresbeginn mitzunehmen und die Sichtbarkeit der Aktionsger\u00e4te am POS und in den Onlineshops der electroplus k\u00fcchenplus Fachh\u00e4ndler zu erh\u00f6hen.<\/p>\n\n<hr class=\"wp-block-separator has-alpha-channel-opacity\"\/>\n\n<h3 class=\"wp-block-heading\">Wirksamer Ma\u00dfnahmenmix st\u00e4rkt Sichtbarkeit<\/h3>\n\n<p>Die Kampagne setzte auf einen breit abgestimmten Ma\u00dfnahmenmix aus POS\u2011Materialien, Online\u2011 und Printunterst\u00fctzung sowie Social Media und Suchmaschinenwerbung. Das Zusammenspiel aus Kampagnenidee, Gestaltung und Zielgruppenansprache erwies sich als tragf\u00e4hig. Die Ma\u00dfnahmen leiteten Nutzerinnen und Nutzer gezielt auf die H\u00e4ndlerseiten und st\u00e4rkten die Online-Sichtbarkeit der Aktionsger\u00e4te.  <\/p>\n\n<hr class=\"wp-block-separator has-alpha-channel-opacity\"\/>\n\n<h3 class=\"wp-block-heading\">Newcomer auf beiden Seiten<\/h3>\n\n<p><br\/>F\u00fcr Lisa Kolbert, Key Account Managerin Electrical Retail Germany bei Bosch, war die Kampagne eine der ersten gr\u00f6\u00dferen Aktivit\u00e4ten in neuer Verantwortung nach der Umstrukturierung bei BSH: \u201eF\u00fcr mich war diese Kampagne eine hervorragende Gelegenheit, gemeinsam mit dem Fachhandel Wirkung zu entfalten und zu zeigen, wie verl\u00e4sslich starke Kampagnenpartnerschaften funktionieren.\u201c<\/p>\n\n<p>\u201e<em>F\u00fcr mich war diese Kampagne eine hervorragende Gelegenheit, gemeinsam mit dem Fachhandel Wirkung zu erzielen und zu zeigen, wie zuverl\u00e4ssig starke Kampagnenpartnerschaften funktionieren k\u00f6nnen.<\/em>\u201c<\/p>\n\n<p>Eine personelle Ver\u00e4nderung gab es auch bei electroplus k\u00fcchenplus: Alice Jank \u00fcbernahm zum 1. Januar 2026 die Position der Category Managerin und f\u00fchrte die laufende Kampagne in ihrer neuen Verantwortung fort. \u201eDiese Kampagne war f\u00fcr mich der ideale Einstieg, um unmittelbar in die Zusammenarbeit mit unserem Industriepartner Bosch einzutauchen. Das reibungslose Zusammenspiel der vielen Kampagnenbausteine hat gezeigt, wie wirkungsvoll Konzept, Kommunikation, Industrie und Handel ineinandergreifen k\u00f6nnen,\u201c so Alice Jank r\u00fcckblickend.<\/p>\n\n<p>Dass beide Verantwortliche ihre neuen Rollen in einer so sichtbaren und vielschichtigen Kampagne antraten, verlieh dem Projekt zus\u00e4tzlichen Charakter \u2013 und machte die Ergebnisse umso bemerkenswerter.<\/p>\n\n<p>Dass beide Verantwortlichen ihre neuen Rollen mit einer so sichtbaren und facettenreichen Kampagne begannen, verlieh dem Projekt zus\u00e4tzlichen Charakter \u2013 und machte die Ergebnisse umso bemerkenswerter.<\/p>\n\n<hr class=\"wp-block-separator has-alpha-channel-opacity\"\/>\n\n<h3 class=\"wp-block-heading\">Fortsetzung folgt<\/h3>\n\n<p>Angesichts der reibungslosen Zusammenarbeit \u00fcber alle Ebenen hinweg ist bereits heute absehbar, dass dies nicht die letzte Gemeinschaftskampagne von electroplus k\u00fcchenplus und Bosch gewesen sein wird. Zugleich liefern die bisherigen Kampagnenerfahrungen wertvolle Impulse f\u00fcr kommende gemeinsame Projekte und st\u00e4rken damit das Fundament f\u00fcr die weitere Zusammenarbeit. Die Weichen f\u00fcr weitere, ebenso kraftvolle Kooperationen sind bereits gestellt.  <\/p>\n\n<hr class=\"wp-block-separator has-alpha-channel-opacity\"\/>\n\n<p><strong>Bildunterschrift:<\/strong><br\/>Erfolgreiche Gemeinschaftskampagne von electroplus k\u00fcchenplus und Bosch (von links nach rechts): Lisa Kolbert (Key Account Managerin Elektrofachhandel Deutschland, BSH), Franz Schreckenberg (Teamleiter Category Management Elektro, EK Retail) und Alice Jank (Category Managerin Elektro-Gro\u00dfger\u00e4te, EK Retail).<\/p>\n","protected":false},"excerpt":{"rendered":"<p>Bielefeld, 17.02.2026 \u2013 Mit ihrer zweistufigen Kampagne zum Jahreswechsel haben electroplus k\u00fcchenplus und Bosch eindrucksvoll demonstriert, wie kraftvoll ein Zusammenspiel aus Handel, Industrie und durchdachtem Marketing wirken kann. Im Zentrum der Aktion stand die gezielte Abverkaufsunterst\u00fctzung ausgew\u00e4hlter Bosch Waschmaschinen und Trockner bei den teilnehmenden electroplus k\u00fcchenplus Fachh\u00e4ndlern. Vom 1. Dezember 2025 bis zum 31. Januar&hellip;<\/p>\n","protected":false},"featured_media":0,"template":"","format":"standard","meta":[],"categories":[318],"class_list":["post-66221","stories","type-stories","status-publish","format-standard","hentry","category-ek-home","description-off"],"_links":{"self":[{"href":"https:\/\/www.ek-retail.com\/de\/wp-json\/wp\/v2\/stories\/66221","targetHints":{"allow":["GET"]}}],"collection":[{"href":"https:\/\/www.ek-retail.com\/de\/wp-json\/wp\/v2\/stories"}],"about":[{"href":"https:\/\/www.ek-retail.com\/de\/wp-json\/wp\/v2\/types\/stories"}],"wp:attachment":[{"href":"https:\/\/www.ek-retail.com\/de\/wp-json\/wp\/v2\/media?parent=66221"}],"wp:term":[{"taxonomy":"category","embeddable":true,"href":"https:\/\/www.ek-retail.com\/de\/wp-json\/wp\/v2\/categories?post=66221"}],"curies":[{"name":"wp","href":"https:\/\/api.w.org\/{rel}","templated":true}]}}