{"id":66237,"date":"2026-02-26T11:41:59","date_gmt":"2026-02-26T10:41:59","guid":{"rendered":"https:\/\/www-preview.ek-retail.com\/stories\/ek-retail-mit-neuer-vorstandsstruktur\/"},"modified":"2026-04-02T15:06:30","modified_gmt":"2026-04-02T13:06:30","slug":"ek-retail-mit-neuer-vorstandsstruktur","status":"publish","type":"stories","link":"https:\/\/www.ek-retail.com\/de\/stories\/ek-retail-mit-neuer-vorstandsstruktur\/","title":{"rendered":"EK Retail mit neuer Vorstandsstruktur"},"content":{"rendered":"\n<p>Frank Duijst zum CEO ernannt \/ Rik Klercq wird als CIO in den Vorstand berufen \/ Martin Richrath verl\u00e4sst das Unternehmen, um eine neue Herausforderung anzunehmen<\/p>\n\n<p>Bielefeld, 06. Februar 2026 \u2013 EK Retail gibt eine Ver\u00e4nderung seiner Vorstandsstruktur bekannt, um die Gruppe f\u00fcr das weitere strategische Wachstum zu positionieren. Der Aufsichtsrat hat dies beschlossen, um den steigenden Ambitionen der Verbundgruppe gerecht zu werden und die wachsende Bedeutung technologiebasierter Transformation im europ\u00e4ischen Einzelhandel konsequent abzubilden. <\/p>\n\n<p>Johannes Lenzschau, Vorsitzender des Aufsichtsrats von EK Retail, gibt bekannt, dass Frank Duijst, derzeit Chief Financial Officer, zum 1. Mai 2026 die Position des Chief Executive Officer (CEO) \u00fcbernehmen wird.<\/p>\n\n<p>\u201eMit Frank Duijst haben wir die richtige Person, um EK Retail in die n\u00e4chste Entwicklungsphase zu f\u00fchren\u201c, so Lenzschau. \u201eSeine umfassende Erfahrung, seine beeindruckende Erfolgsbilanz und sein ganzheitliches Verst\u00e4ndnis der Gruppe, kombiniert mit seiner Leidenschaft, seiner Tatkraft und seiner gro\u00dfen Zuversicht bez\u00fcglich der Zukunft des unabh\u00e4ngigen europ\u00e4ischen Einzelhandels, machen ihn f\u00fcr diese Aufgabe besonders geeignet.\u201c <\/p>\n\n<p>Der Grund f\u00fcr diesen Wechsel ist, dass Martin Richrath, der seit mehr als zehn Jahren Mitglied des Vorstands und seit mehr als drei Jahren CEO ist, sich entschieden hat, eine neue berufliche Herausforderung au\u00dferhalb von EK Retail anzunehmen.<\/p>\n\n<p>\u201eWir sind Martin Richrath sehr dankbar\u201c, f\u00fcgte Lenzschau hinzu. \u201eZusammen mit seinen Vorstandskollegen und dem gesamten Team hat er EK von einer klassischen Einkaufsgemeinschaft zu einer modernen, professionellen Einzelhandelsorganisation mit starker Perspektive weiterentwickelt. Sein Beitrag in den letzten zehn Jahren war sehr entscheidend f\u00fcr die Zukunftsf\u00e4higkeit des Unternehmens.\u201c <\/p>\n\n<hr class=\"wp-block-separator has-alpha-channel-opacity\"\/>\n\n<h3 class=\"wp-block-heading\">St\u00e4rkung der weiteren Zukunftsf\u00e4higkeit von EK Retail<\/h3>\n\n<p>Angesichts der strategischen Schwerpunkte der Gruppe, insbesondere der zunehmenden technischen M\u00f6glichkeiten, hat der Aufsichtsrat auch die Zusammensetzung des Vorstands neu definiert.<\/p>\n\n<p>Mit Wirkung zum 1. Mai 2026 wird Rik Klercq, derzeit Director Digital &amp; IT, dem Vorstand beitreten und die neue Position des Chief Information Officer (CIO) \u00fcbernehmen, mit Verantwortung f\u00fcr Innovation &amp; Business Development.<\/p>\n\n<p>\u201eMit Rik Klercq st\u00e4rken wir unseren Vorstand um eine Pers\u00f6nlichkeit, die fundierte technologische Expertise mit unternehmerischem Denken verbindet\u201c, so Lenzschau. \u201eDies st\u00e4rkt unsere F\u00e4higkeit, Innovationen voranzutreiben und neue Gesch\u00e4ftsm\u00f6glichkeiten f\u00fcr unsere H\u00e4ndler in ganz Europa zu erschlie\u00dfen.\u201c <\/p>\n\n<hr class=\"wp-block-separator has-alpha-channel-opacity\"\/>\n\n<h3 class=\"wp-block-heading\">Die zuk\u00fcnftige Struktur des Vorstands<\/h3>\n\n<p>Ab dem 1. Mai 2026 wird der Vorstand von EK Retail wie folgt zusammengesetzt sein:<\/p>\n\n<ul class=\"wp-block-list\">\n<li><strong>Frank Duijst \u2013 Chief Executive Officer (CEO)<\/strong><\/li>\n\n\n\n<li><strong>Rik Klercq \u2013 Chief Information Officer (CIO)<\/strong><\/li>\n\n\n\n<li><strong>Jochen Pohle \u2013 Chief Retail Officer (CRO)<\/strong><\/li>\n\n\n\n<li><strong>Gertjo Janssen \u2013 Chief Retail Officer (CRO)<\/strong><\/li>\n<\/ul>\n\n<p>Diese Zusammensetzung stellt sicher, dass Einzelhandelskompetenz, technologische Innovation und strategische F\u00fchrung auf h\u00f6chster Ebene der Verbundgruppe weiterhin fest verankert sind.<\/p>\n\n<p>\u201eWir haben volles Vertrauen in diesen neuen Vorstand\u201c, sagte Lenzschau. \u201eEK Retail tritt in eine spannende neue Phase ein, und dieses Team ist ideal aufgestellt, um die Gruppe in die Zukunft zu f\u00fchren.\u201c <\/p>\n\n<hr class=\"wp-block-separator has-alpha-channel-opacity\"\/>\n\n<p>Bildunterschrift: <br\/>Frank Duijst (links) wird zum 1. Mai 2026 die Position des Chief Executive Officer (CEO) von Martin Richrath \u00fcbernehmen.<\/p>\n","protected":false},"excerpt":{"rendered":"<p>Frank Duijst zum CEO ernannt \/ Rik Klercq wird als CIO in den Vorstand berufen \/ Martin Richrath verl\u00e4sst das Unternehmen, um eine neue Herausforderung anzunehmen Bielefeld, 06. Februar 2026 \u2013 EK Retail gibt eine Ver\u00e4nderung seiner Vorstandsstruktur bekannt, um die Gruppe f\u00fcr das weitere strategische Wachstum zu positionieren. Der Aufsichtsrat hat dies beschlossen, um&hellip;<\/p>\n","protected":false},"featured_media":0,"template":"","format":"standard","meta":[],"categories":[293,334],"class_list":["post-66237","stories","type-stories","status-publish","format-standard","hentry","category-nicht-kategorisiert","category-presse","description-off"],"_links":{"self":[{"href":"https:\/\/www.ek-retail.com\/de\/wp-json\/wp\/v2\/stories\/66237","targetHints":{"allow":["GET"]}}],"collection":[{"href":"https:\/\/www.ek-retail.com\/de\/wp-json\/wp\/v2\/stories"}],"about":[{"href":"https:\/\/www.ek-retail.com\/de\/wp-json\/wp\/v2\/types\/stories"}],"wp:attachment":[{"href":"https:\/\/www.ek-retail.com\/de\/wp-json\/wp\/v2\/media?parent=66237"}],"wp:term":[{"taxonomy":"category","embeddable":true,"href":"https:\/\/www.ek-retail.com\/de\/wp-json\/wp\/v2\/categories?post=66237"}],"curies":[{"name":"wp","href":"https:\/\/api.w.org\/{rel}","templated":true}]}}