{"id":63899,"date":"2026-02-02T16:22:46","date_gmt":"2026-02-02T15:22:46","guid":{"rendered":"https:\/\/www-preview.ek-retail.com\/stories\/pleins-feux-sur-anne-jet-mode-a-dokkum\/"},"modified":"2026-04-02T14:20:00","modified_gmt":"2026-04-02T12:20:00","slug":"pleins-feux-sur-anne-jet-mode-a-dokkum","status":"publish","type":"stories","link":"https:\/\/www.ek-retail.com\/fr\/stories\/pleins-feux-sur-anne-jet-mode-a-dokkum\/","title":{"rendered":"\u00c0 la une : Anne &amp; Jet Mode \u00e0 Dokkum"},"content":{"rendered":"\n<h2 class=\"wp-block-heading\">Un magasin o\u00f9 la passion pour la mode et le service personnalis\u00e9 se rencontrent<\/h2>\n\n<p>Au c\u0153ur de <strong>Dokkum<\/strong>, vous trouverez <strong>Anne &amp; Jet Mode<\/strong>, un magasin o\u00f9 la passion pour la mode et le service personnalis\u00e9 se rencontrent. Anne et Jet sont des entrepreneurs fiers avec une histoire impressionnante. Des petits boulots dans la mode \u00e0 la r\u00e9alisation de leur propre magasin, leur parcours est fait d\u2019ambition, de pers\u00e9v\u00e9rance et, surtout, d\u2019amour du m\u00e9tier. Pour cette interview, Anne a d\u00fb \u00eatre appel\u00e9e du haut de son \u00e9chelle, car il nettoyait les vitres. Cela illustre parfaitement leur mentalit\u00e9 pratique\u00a0: toujours occup\u00e9s, pleins d\u2019\u00e9nergie pour faire de leur magasin un succ\u00e8s.    <\/p>\n\n<hr class=\"wp-block-separator has-alpha-channel-opacity\"\/>\n\n<h2 class=\"wp-block-heading\">D\u2019un petit boulot \u00e0 leur propre magasin de mode<\/h2>\n\n<p>L\u2019aventure d\u2019Anne a commenc\u00e9 \u00e0 un jeune \u00e2ge.<br\/><strong>\u00ab\u00a0Mon p\u00e8re voulait que je gagne mon propre argent et que je trouve un emploi. C\u2019est alors que j\u2019ai commenc\u00e9 \u00e0 travailler dans la mode, et mon int\u00e9r\u00eat s\u2019est rapidement d\u00e9velopp\u00e9.\u00a0\u00bb<\/strong><\/p>\n\n<p>Ce qui a commenc\u00e9 comme un emploi du samedi s\u2019est transform\u00e9 en une carri\u00e8re dans l\u2019industrie de la mode, avec une exp\u00e9rience dans la vente, l\u2019achat et la gestion. Pourtant, le r\u00eave de cr\u00e9er son propre magasin n\u2019a cess\u00e9 de l\u2019attirer. <br\/><strong>\u00ab\u00a0Apr\u00e8s 20\u00a0ans, je me suis dit\u00a0: tous ces d\u00e9taillants sont assis \u00e0 ma table, je donne de bons conseils, mais pourquoi ne le fais-je pas moi-m\u00eame\u00a0?\u00a0\u00bb<\/strong><\/p>\n\n<p>Jet a apport\u00e9 <strong>12,5\u00a0ans d\u2019exp\u00e9rience<\/strong> dans le monde de la mode, avec un fort accent sur l\u2019achat et le stylisme. Ensemble, ils ont d\u00e9cid\u00e9 de faire le grand saut et d\u2019ouvrir leur propre magasin. <br\/><strong>\u00ab\u00a0Nous voulions retourner en Frise, et cela nous a sembl\u00e9 \u00eatre le bon moment. Il y a un an et demi, nous avons commenc\u00e9 \u00e0 faire des plans\u00a0: \u00e0 quoi devrait ressembler le magasin, quelle atmosph\u00e8re voulons-nous cr\u00e9er\u00a0? Maintenant, le magasin est exactement comme nous l\u2019avions imagin\u00e9, et les r\u00e9actions ont \u00e9t\u00e9 incroyables\u00a0!\u00a0\u00bb<\/strong><\/p>\n\n<hr class=\"wp-block-separator has-alpha-channel-opacity\"\/>\n\n<h2 class=\"wp-block-heading\">Un magasin o\u00f9 l\u2019exp\u00e9rience passe avant tout<\/h2>\n\n<p>Avec <strong>310\u00a0m\u00b2 de surface de vente<\/strong>, Anne &amp; Jet Mode est un endroit o\u00f9 les clients ont la possibilit\u00e9 de vivre pleinement la mode. Jet explique avec enthousiasme\u00a0: <br\/><strong>\u00ab\u00a0Parfois, nous passons une journ\u00e9e enti\u00e8re dans le magasin sans m\u00eame nous parler, c\u2019est dire sa taille\u00a0! Nous ne voulons pas de stress, et chaque jour, nous donnons le meilleur de nous-m\u00eames.\u00a0\u00bb<\/strong><\/p>\n\n<p>Le contact personnel est essentiel. Qu\u2019est-ce qui les rend uniques\u00a0? Jet le sait tout de suite\u00a0:  <br\/><strong>\u00ab\u00a0Des collections qui fonctionnent bien ensemble, et nous accordons une attention vraiment personnelle \u00e0 nos clients.\u00a0\u00bb<\/strong><\/p>\n\n<p>Anne ajoute\u00a0:<br\/><strong>\u00ab\u00a0On ne re\u00e7oit pas un accueil chaleureux et de bons conseils derri\u00e8re un \u00e9cran d\u2019ordinateur ou en faisant des achats en ligne.\u00a0\u00bb<\/strong><\/p>\n\n<hr class=\"wp-block-separator has-alpha-channel-opacity\"\/>\n\n<h2 class=\"wp-block-heading\">Marques et collections pr\u00e9f\u00e9r\u00e9es<\/h2>\n\n<p>Avec un m\u00e9lange de marques \u00e9tablies et \u00e9mergentes, Anne &amp; Jet Mode offre quelque chose pour tout le monde.<br\/><strong>\u00ab\u00a0NUKUS est l\u2019une de nos marques pr\u00e9f\u00e9r\u00e9es\u00a0: lorsque la premi\u00e8re livraison est arriv\u00e9e, nous avons d\u00fb retourner au magasin le soir pour tout d\u00e9baller, car nous voulions que tout soit en rayon avant le week-end. On travaille avec plaisir, et nos clients le ressentent.\u00a0\u00bb<\/strong><\/p>\n\n<p>Les collections de plein \u00e9t\u00e9 promettent \u00e9galement de belles choses\u00a0:<br\/><strong>\u00ab\u00a0Nous avons re\u00e7u des articles incroyables, donc les attentes sont \u00e9lev\u00e9es\u00a0!\u00a0\u00bb<\/strong><\/p>\n\n<hr class=\"wp-block-separator has-alpha-channel-opacity\"\/>\n\n<h2 class=\"wp-block-heading\">2024\u00a0: une ann\u00e9e de changement<\/h2>\n\n<p>L\u2019ann\u00e9e derni\u00e8re, il s\u2019agissait de l\u00e2cher prise et de repartir \u00e0 z\u00e9ro.<br\/><strong>\u00ab\u00a0Nous avons laiss\u00e9 derri\u00e8re nous nos anciens postes \u00e0 responsabilit\u00e9 et avons construit le magasin en janvier. Tout s\u2019est pass\u00e9 en un an et demi. Pas de mentalit\u00e9 de neuf \u00e0 cinq, juste un travail incroyablement dur. Maintenant, \u00e7a commence \u00e0 se calmer\u00a0\u00bb<\/strong>, dit Jet.<\/p>\n\n<hr class=\"wp-block-separator has-alpha-channel-opacity\"\/>\n\n<h2 class=\"wp-block-heading\">Fiers de ce qu\u2019ils ont construit<\/h2>\n\n<p>Anne et Jet sont particuli\u00e8rement fiers de l\u2019atmosph\u00e8re qu\u2019ils ont cr\u00e9\u00e9e dans le magasin.<br\/><strong>\u00ab\u00a0Les clients se sentent les bienvenus ici. Nous prenons notre temps et r\u00e9fl\u00e9chissons vraiment avec eux. Un couple fait du shopping ensemble\u00a0? Je vais l\u2019aider, et Anne l\u2019aide. Nous n\u2019avons peut-\u00eatre pas tout, mais ce que nous avons s\u2019accorde parfaitement.\u00a0\u00bb<\/strong><\/p>\n\n<hr class=\"wp-block-separator has-alpha-channel-opacity\"\/>\n\n<h2 class=\"wp-block-heading\">Perspectives pour 2025<\/h2>\n\n<p>L\u2019avenir s\u2019annonce prometteur.<br\/><strong>\u00ab\u00a0Nous allons continuer \u00e0 d\u00e9velopper notre magasin, \u00e0 d\u00e9couvrir de nouvelles marques et \u00e0 optimiser notre assortiment. Bient\u00f4t, nous serons \u00e9galement pr\u00e9sent\u00e9s sur SBS6 dans <em>De Perfecte Plek<\/em>, diffus\u00e9 vers le 20\u00a0avril \u00e0 environ 15\u00a0h\u00a000. Une excellente occasion de pr\u00e9senter Anne &amp; Jet Mode \u00e0 un public plus large\u00a0!\u00a0\u00bb<\/strong><\/p>\n\n<hr class=\"wp-block-separator has-alpha-channel-opacity\"\/>\n\n<h2 class=\"wp-block-heading\">Le soutien d\u2019EK Fashion<\/h2>\n\n<p>En tant que jeunes entrepreneurs, Anne et Jet ont grandement b\u00e9n\u00e9fici\u00e9 du soutien d\u2019<strong>EK Fashion<\/strong>.<br\/><strong>\u00ab\u00a0Qu\u2019est-ce que <em>n\u2019ont-ils pas<\/em> fait pour nous\u00a0? Eric van Mullem et Alm Wiggers\u2013de Boer, tous deux consultants en vente au d\u00e9tail de mode, ont \u00e9t\u00e9 comme des psychologues pour nous. Ils nous ont rendu visite, nous ont donn\u00e9 des conseils et nous ont aid\u00e9s \u00e0 constituer le bon m\u00e9lange de marques. M\u00eame lorsque nous \u00e9tions encore ferm\u00e9s et en r\u00e9novation, ils \u00e9taient l\u00e0 pour nous. Cela nous a vraiment donn\u00e9 l\u2019impression d\u2019\u00eatre vus.\u00a0\u00bb<\/strong><\/p>\n\n<p>\u00c0 l\u2019approche de l\u2019\u00e9t\u00e9, Anne &amp; Jet Mode se pr\u00e9pare \u00e0 une p\u00e9riode dynamique.<br\/><strong>\u00ab\u00a0Dokkum sera bient\u00f4t remplie de touristes. Nous proposons non seulement de superbes v\u00eatements d\u00e9contract\u00e9s, mais aussi des tenues \u00e9l\u00e9gantes pour le retour au travail.\u00a0\u00bb<\/strong><\/p>\n\n<p>Une chose est s\u00fbre\u00a0: <strong>Anne &amp; Jet Mode est l\u00e0 pour durer\u00a0!<\/strong><\/p>\n\n<hr class=\"wp-block-separator has-alpha-channel-opacity\"\/>\n\n<h2 class=\"wp-block-heading\">Pleins feux sur<\/h2>\n\n<p>Dans la s\u00e9rie de blogs <strong>\u00ab\u00a0Pleins feux sur\u00a0\u00bb<\/strong>, nous mettons en lumi\u00e8re nos entrepreneurs et nos fournisseurs. Qui sont les personnes derri\u00e8re les marques et les magasins\u00a0? Comment s\u2019engagent-ils aupr\u00e8s de leurs clients\u00a0? Et comment restent-ils r\u00e9silients en ces temps extraordinaires\u00a0? Chaque semaine, quelqu\u2019un m\u00e9rite d\u2019\u00eatre sous les feux de la rampe.    <\/p>\n","protected":false},"excerpt":{"rendered":"<p>Un magasin o\u00f9 la passion pour la mode et le service personnalis\u00e9 se rencontrent Au c\u0153ur de Dokkum, vous trouverez Anne &amp; Jet Mode, un magasin o\u00f9 la passion pour la mode et le service personnalis\u00e9 se rencontrent. Anne et Jet sont des entrepreneurs fiers avec une histoire impressionnante. Des petits boulots dans la mode&hellip;<\/p>\n","protected":false},"featured_media":0,"template":"","format":"standard","meta":[],"categories":[309],"class_list":["post-63899","stories","type-stories","status-publish","format-standard","hentry","category-ek-fashion","description-off"],"_links":{"self":[{"href":"https:\/\/www.ek-retail.com\/fr\/wp-json\/wp\/v2\/stories\/63899","targetHints":{"allow":["GET"]}}],"collection":[{"href":"https:\/\/www.ek-retail.com\/fr\/wp-json\/wp\/v2\/stories"}],"about":[{"href":"https:\/\/www.ek-retail.com\/fr\/wp-json\/wp\/v2\/types\/stories"}],"wp:attachment":[{"href":"https:\/\/www.ek-retail.com\/fr\/wp-json\/wp\/v2\/media?parent=63899"}],"wp:term":[{"taxonomy":"category","embeddable":true,"href":"https:\/\/www.ek-retail.com\/fr\/wp-json\/wp\/v2\/categories?post=63899"}],"curies":[{"name":"wp","href":"https:\/\/api.w.org\/{rel}","templated":true}]}}