{"id":63905,"date":"2025-07-17T14:18:09","date_gmt":"2025-07-17T12:18:09","guid":{"rendered":"https:\/\/www-preview.ek-retail.com\/stories\/pleins-feux-sur-fabienne-chapot\/"},"modified":"2026-02-04T10:34:58","modified_gmt":"2026-02-04T09:34:58","slug":"pleins-feux-sur-fabienne-chapot","status":"publish","type":"stories","link":"https:\/\/www.ek-retail.com\/fr\/stories\/pleins-feux-sur-fabienne-chapot\/","title":{"rendered":"Pleins feux sur&nbsp;: Fabienne Chapot"},"content":{"rendered":"\n<h4 class=\"wp-block-heading\"><em>&lsquo;<\/em><strong>\u00ab\u00a0Ce n\u2019est pas si difficile de cr\u00e9er un engouement, c\u2019est difficile de le maintenir.\u00a0\u00bb<\/strong><\/h4>\n\n<p>Dites-nous, qui est Fabienne\u00a0?<br\/>\u00ab\u00a0Je suis Fabienne et je travaille sur Fabienne Chapot depuis 16\u00a0ans maintenant. L\u2019entreprise a \u00e9t\u00e9 fond\u00e9e en\u00a02006 et, \u00e0 l\u2019\u00e9poque, la marque s\u2019appelait encore <em>Fab.<\/em> Il s\u2019agissait de sacs, de portefeuilles et, finalement, aussi de chaussures. En\u00a02015, j\u2019ai senti que la marque avait un \u00e9norme potentiel et, jusqu\u2019\u00e0 pr\u00e9sent, j\u2019avais continuellement r\u00e9investi mon propre argent. \u00c0 cette \u00e9poque, j\u2019avais encore deux r\u00eaves\u00a0:   <\/p>\n\n<p><strong>R\u00eave\u00a01\u00a0:<\/strong> La transformer en une marque beaucoup plus professionnelle, en pensant \u00e9galement \u00e0 l\u2019ensemble du back-end de l\u2019entreprise. Nous avions un petit groupe de personnes employ\u00e9es, mais tout le monde portait plusieurs casquettes. J\u2019ai senti que cela devait devenir plus professionnel, car je grandissais aussi en tant que personne. J\u2019avais alors 34\u00a0ans.   <\/p>\n\n<p><strong>R\u00eave\u00a02\u00a0:<\/strong> Je voulais vraiment me lancer dans le v\u00eatement. Je n\u2019avais jamais commenc\u00e9 par le v\u00eatement, car je n\u2019ai pas \u00e9tudi\u00e9 la mode. Je suis all\u00e9e \u00e0 l\u2019universit\u00e9, et je pense que je suis un peu entre les deux. D\u2019une part, j\u2019ai l\u2019\u0153il esth\u00e9tique et, d\u2019autre part, le sens des affaires. Je ne suis donc pas une cr\u00e9atrice qui ne fait que dessiner toute la journ\u00e9e. Je suis vraiment entre les deux, et je pense que c\u2019est pourquoi j\u2019ai pu la diriger pendant si longtemps avec une petite \u00e9quipe.     <\/p>\n\n<p>Apr\u00e8s 9\u00a0ans, j\u2019ai commenc\u00e9 \u00e0 chercher un investisseur. J\u2019ai r\u00e9alis\u00e9 que j\u2019avais besoin d\u2019un financement externe pour franchir ces \u00e9tapes. J\u2019ai vendu 30\u00a0% de l\u2019entreprise et, gr\u00e2ce \u00e0 cet investissement, nous avons vraiment renforc\u00e9 les \u00e9quipes \u00e0 certains postes cl\u00e9s, embauch\u00e9 des personnes \u00e0 un niveau sup\u00e9rieur et lanc\u00e9 notre premi\u00e8re collection de v\u00eatements (PE17). Il s\u2019agissait des imprim\u00e9s animaliers, dont l\u2019imprim\u00e9 homard.   <\/p>\n\n<p>Nous sommes donc arriv\u00e9s avec une d\u00e9claration, et cela s\u2019est tr\u00e8s bien pass\u00e9. Mais ensuite est venue la partie difficile\u00a0: ce n\u2019est pas si difficile de cr\u00e9er un engouement, c\u2019est difficile de le maintenir. Surtout au niveau de la marque\u00a0! Par exemple, nous avons \u00e9galement d\u00fb commencer \u00e0 fabriquer des produits unis, car on ne peut pas vendre uniquement des imprim\u00e9s. Nous y avons travaill\u00e9 tr\u00e8s dur au cours des derni\u00e8res ann\u00e9es.    <\/p>\n\n<p>Et outre la collection, il y a tout le back-end de l\u2019entreprise\u00a0: les livraisons, la durabilit\u00e9, le contr\u00f4le de la tr\u00e9sorerie, et bien plus encore. C\u2019est tr\u00e8s difficile, mais aussi tr\u00e8s amusant\u00a0!\u00a0\u00bb <\/p>\n\n<hr class=\"wp-block-separator has-alpha-channel-opacity\"\/>\n\n<p><strong>Comment s\u2019est pass\u00e9e l\u2019ann\u00e9e\u00a02022 pour vous jusqu\u2019\u00e0 pr\u00e9sent\u00a0?<\/strong><br\/>\u00ab\u00a0En fait, tr\u00e8s bien\u00a0! Nous savons que nous allons finir avec une croissance d\u2019environ +30\u00a0% par rapport \u00e0 l\u2019ann\u00e9e derni\u00e8re. Les choses vont donc tr\u00e8s bien\u00a0! Nous ressentons \u00e9galement ce que d\u2019autres acteurs du march\u00e9 ressentent. Le commerce de d\u00e9tail est en plein essor, mais en ligne, m\u00eame si nous sommes en croissance, nous avions des attentes plus \u00e9lev\u00e9es. C\u2019est principalement parce que l\u2019ann\u00e9e derni\u00e8re, les gens ont tellement achet\u00e9 en ligne, et maintenant vous voyez que les gens pr\u00e9f\u00e8rent \u00e0 nouveau faire leurs achats physiquement.     <\/p>\n\n<p>Cette ann\u00e9e, nous avons ouvert deux nouveaux magasins, dans le Westfield Mall et \u00e0 Breda. En Allemagne, nous avons \u00e9galement ouvert deux nouveaux bureaux, nous avons donc maintenant notre propre \u00e9quipe de vente en gros l\u00e0-bas. Cela se d\u00e9veloppe \u00e9galement fortement\u00a0: nous sommes dans KDW (<em>Kaufhaus des Westens<\/em>) et Breuninger.  <\/p>\n\n<p>Bien s\u00fbr, nous avons \u00e9galement \u00e9t\u00e9 confront\u00e9s \u00e0 des revers\u00a0: le dollar est maintenant tr\u00e8s cher, nous avons eu des navires bloqu\u00e9s en mer pendant cinq semaines parce qu\u2019ils ne pouvaient pas accoster, des produits livr\u00e9s beaucoup trop tard et des prix en hausse. En bref, nous avons subi les m\u00eames coups durs que les autres entrepreneurs, mais nous continuons n\u00e9anmoins \u00e0 aller de l\u2019avant. Je suis une entrepreneure tr\u00e8s satisfaite cette ann\u00e9e\u00a0!\u00a0\u00bb  <\/p>\n\n<hr class=\"wp-block-separator has-alpha-channel-opacity\"\/>\n\n<p><strong>De quoi \u00eates-vous le plus fi\u00e8re\u00a0?<\/strong><br\/>\u00ab\u00a0Quand j\u2019ai commenc\u00e9 avec le v\u00eatement, presque tout le monde me l\u2019a d\u00e9conseill\u00e9. J\u2019ai re\u00e7u beaucoup de questions comme\u00a0: \u00ab\u00a0Allez-vous vraiment faire \u00e7a\u00a0?\u00a0\u00bb et \u00ab\u00a0Il y a d\u00e9j\u00e0 tellement de choses\u00a0!\u00a0\u00bb Mais quelque chose en moi me disait que je devais le faire. Je pense que je suis fi\u00e8re d\u2019avoir r\u00e9ussi \u00e0 revendiquer une place importante sur le march\u00e9, et que nous sommes vraiment diff\u00e9rents des autres.\u00a0\u00bb<\/p>\n\n<hr class=\"wp-block-separator has-alpha-channel-opacity\"\/>\n\n<p><strong>Qu\u2019attendez-vous avec impatience en\u00a02023\u00a0?<\/strong><br\/>\u00ab\u00a0Nos deux principaux points d\u2019attention sont le d\u00e9veloppement de notre marque et l\u2019Allemagne. Nous avons de si belles valeurs de marque, et nous voulons les montrer beaucoup plus\u00a0! L\u2019Allemagne doit devenir notre deuxi\u00e8me march\u00e9, et nous sommes vraiment enthousiastes \u00e0 ce sujet.\u00a0\u00bb<\/p>\n\n<hr class=\"wp-block-separator has-alpha-channel-opacity\"\/>\n\n<p><strong>Comment EK Fashion vous a-t-il rendu service au cours de la p\u00e9riode \u00e9coul\u00e9e\u00a0?<\/strong><br\/>\u00ab\u00a0Je trouve super int\u00e9ressant de voir o\u00f9 nous avons encore des opportunit\u00e9s. Des choses dont je peux aussi tirer des le\u00e7ons\u00a0! EK nous a \u00e9galement aid\u00e9s \u00e0 entrer quelque part\u00a0: les achats, la budg\u00e9tisation et les conseils que je devrais donner une chance \u00e0 quelque chose. Pour nous, en tant qu\u2019entreprise, c\u2019\u00e9tait aussi une \u00e9tape professionnelle d\u2019\u00eatre affili\u00e9 \u00e0 eux. Gr\u00e2ce \u00e0 EK, je peux r\u00e9ellement voir la rentabilit\u00e9 par article des saisons pass\u00e9es. Cela va si profond\u00e9ment dans les chiffres, et c\u2019est tr\u00e8s pr\u00e9cieux pour nous.\u00a0\u00bb<\/p>\n\n<hr class=\"wp-block-separator has-alpha-channel-opacity\"\/>\n\n<p><strong>Que faites-vous en mati\u00e8re de durabilit\u00e9\u00a0?<\/strong><br\/>\u00ab\u00a0Il y a \u00e9norm\u00e9ment de choses \u00e0 faire. Geertje van Bavel travaille avec nous depuis six mois maintenant, et elle est vraiment notre <em>responsable de la durabilit\u00e9.<\/em> Je suis vraiment heureuse qu\u2019il y ait quelqu\u2019un qui se concentre pleinement sur la durabilit\u00e9. Bien s\u00fbr, elle ne le fait pas seule\u00a0: nous devons tous y travailler dans tous les services.  <\/p>\n\n<p>Notre objectif est d\u2019\u00eatre certifi\u00e9 B\u00a0Corp d\u2019ici la fin de\u00a02023. Il s\u2019agit d\u2019une certification qui couvre toute l\u2019\u00e9tendue d\u2019une entreprise, non seulement les mat\u00e9riaux que vous utilisez, mais aussi les salaires d\u00e9cents, la transparence et la diversit\u00e9 au sein de l\u2019\u00e9quipe. Cela doit \u00eatre une priorit\u00e9 dans chaque \u00e9quipe, et je pense que nous faisons vraiment des progr\u00e8s dans ce domaine.  <\/p>\n\n<p>Notre prochaine collection d\u2019\u00e9t\u00e9 est compos\u00e9e \u00e0 50\u00a0% de mat\u00e9riaux durables. Cela augmente \u00e0 chaque fois, et nous allons \u00e9galement laver notre denim de mani\u00e8re 100\u00a0% durable.\u00a0\u00bb <\/p>\n\n<hr class=\"wp-block-separator has-alpha-channel-opacity\"\/>\n\n<figure class=\"wp-block-image\"><img decoding=\"async\" src=\"https:\/\/www.ek-retail.com\/media\/k2ngaupp\/ontwerp-zonder-titel-2022-10-18t163107433.png\" alt=\"\"\/><\/figure>\n\n<p><em>photo\u00a0: Centre commercial Westfield\u00a0| Boutique Fabienne Chapot<\/em><\/p>\n\n<p><strong>\u00c0 propos de<\/strong> <strong>Fabienne Chapot<\/strong><\/p>\n\n<p>Nous sommes Fabienne Chapot, une marque de mode depuis\u00a02006, n\u00e9e et \u00e9lev\u00e9e \u00e0 Amsterdam. Nous sommes connus pour nos imprim\u00e9s faits main en interne, nos couleurs riches, nos silhouettes f\u00e9minines et nos d\u00e9tails chics et joyeux. Nous aimons les histoires fortes et une ambiance positive\u00a0!  <\/p>\n\n<p><em>Site web www.fabiennechapot.nl\u00a0| Instagram @fabiennechapot\u00a0| Facebook @fabiennechapot<\/em><\/p>\n","protected":false},"excerpt":{"rendered":"<p>&lsquo;\u00ab\u00a0Ce n\u2019est pas si difficile de cr\u00e9er un engouement, c\u2019est difficile de le maintenir.\u00a0\u00bb Dites-nous, qui est Fabienne\u00a0?\u00ab\u00a0Je suis Fabienne et je travaille sur Fabienne Chapot depuis 16\u00a0ans maintenant. L\u2019entreprise a \u00e9t\u00e9 fond\u00e9e en\u00a02006 et, \u00e0 l\u2019\u00e9poque, la marque s\u2019appelait encore Fab. Il s\u2019agissait de sacs, de portefeuilles et, finalement, aussi de chaussures. En\u00a02015, j\u2019ai&hellip;<\/p>\n","protected":false},"featured_media":0,"template":"","format":"standard","meta":[],"categories":[309],"class_list":["post-63905","stories","type-stories","status-publish","format-standard","hentry","category-ek-fashion","description-off"],"_links":{"self":[{"href":"https:\/\/www.ek-retail.com\/fr\/wp-json\/wp\/v2\/stories\/63905","targetHints":{"allow":["GET"]}}],"collection":[{"href":"https:\/\/www.ek-retail.com\/fr\/wp-json\/wp\/v2\/stories"}],"about":[{"href":"https:\/\/www.ek-retail.com\/fr\/wp-json\/wp\/v2\/types\/stories"}],"wp:attachment":[{"href":"https:\/\/www.ek-retail.com\/fr\/wp-json\/wp\/v2\/media?parent=63905"}],"wp:term":[{"taxonomy":"category","embeddable":true,"href":"https:\/\/www.ek-retail.com\/fr\/wp-json\/wp\/v2\/categories?post=63905"}],"curies":[{"name":"wp","href":"https:\/\/api.w.org\/{rel}","templated":true}]}}