{"id":63917,"date":"2025-07-17T14:13:49","date_gmt":"2025-07-17T12:13:49","guid":{"rendered":"https:\/\/www-preview.ek-retail.com\/stories\/pleins-feux-sur-maribelle-mode-tineke-ottevanger\/"},"modified":"2026-02-04T10:44:16","modified_gmt":"2026-02-04T09:44:16","slug":"pleins-feux-sur-maribelle-mode-tineke-ottevanger","status":"publish","type":"stories","link":"https:\/\/www.ek-retail.com\/fr\/stories\/pleins-feux-sur-maribelle-mode-tineke-ottevanger\/","title":{"rendered":"Pleins feux sur&nbsp;: Maribelle Mode &#8211; Tineke Ottevanger"},"content":{"rendered":"\n<h4 class=\"wp-block-heading\">\u00ab\u00a0Vous devez cr\u00e9er vous-m\u00eame une atmosph\u00e8re agr\u00e9able chaque jour.\u00a0\u00bb<\/h4>\n\n<p><strong>Tineke<\/strong> est propri\u00e9taire de <strong>Maribelle Mode<\/strong>, un magasin de mode f\u00e9minine \u00e0 Klundert, depuis 32\u00a0ans. Lorsqu\u2019elle avait 21\u00a0ans, un espace de vente au d\u00e9tail s\u2019est lib\u00e9r\u00e9 dans le village, et elle a saisi l\u2019occasion. Elle a ouvert son propre magasin de v\u00eatements et, de nombreuses ann\u00e9es plus tard, elle dirige maintenant deux magasins avec une \u00e9quipe de sept employ\u00e9es.<br \/>Tineke explique\u00a0: <strong>\u00ab\u00a0J\u2019avais d\u00e9j\u00e0 l\u2019id\u00e9e, d\u00e8s mon plus jeune \u00e2ge, de vouloir avoir mon propre magasin, et heureusement, je ne l\u2019ai jamais regrett\u00e9.\u00a0\u00bb<\/strong>  <\/p>\n\n<p>L\u2019ann\u00e9e COVID \u00e9coul\u00e9e a \u00e9t\u00e9 une exp\u00e9rience tr\u00e8s diff\u00e9rente pour l\u2019entrepreneure du Brabant-Septentrional. Elle explique\u00a0: <br \/><strong>\u00ab\u00a0Je n\u2019aurais jamais imagin\u00e9 auparavant que l\u2019on puisse se retrouver dans une telle situation. Au d\u00e9but, il n\u2019y avait pas que le choc, mais aussi la n\u00e9cessit\u00e9 de changer rapidement de vitesse. Pendant la premi\u00e8re p\u00e9riode de COVID, nous avons gard\u00e9 nos portes ouvertes, ce qui nous a permis de vendre une partie de notre inventaire. Vous avez remarqu\u00e9, cependant, que tout le monde \u00e9tait plus anxieux. Par exemple, nous avons \u00e9galement ouvert le soir sur rendez-vous, afin que les clients puissent faire leurs achats dans un magasin calme.\u00a0\u00bb<\/strong><\/p>\n\n<hr class=\"wp-block-separator has-alpha-channel-opacity\" \/>\n\n<h3 class=\"wp-block-heading\">Sacs d\u2019essayage<\/h3>\n\n<p>Avec le deuxi\u00e8me confinement, plus strict, Maribelle Mode a d\u00fb fermer ses portes, comme tous les magasins non essentiels aux Pays-Bas. C\u2019est alors qu\u2019il faut commencer \u00e0 proposer d\u2019autres moyens de vendre ses v\u00eatements. Tineke l\u2019a fait, entre autres, en livrant des <strong>sacs d\u2019essayage<\/strong>.  <br \/><strong>\u00ab\u00a0Nous avons une client\u00e8le aimable et fid\u00e8le. C\u2019est tr\u00e8s sp\u00e9cial, et nous en sommes extr\u00eamement reconnaissants. Nous connaissons bien nos clients, ce qui vous donne la confiance n\u00e9cessaire pour leur laisser un sac rempli de v\u00eatements. Une bonne client\u00e8le est vraiment importante. Vous savez exactement quelle taille, quel style et quelle marque un client pr\u00e9f\u00e8re. Bien s\u00fbr, c\u2019\u00e9tait d\u00e9cevant quand un sac revenait, mais alors vous raccrochez simplement les v\u00eatements dans le magasin et vous passez \u00e0 autre chose\u00a0\u00bb<\/strong>, explique Tineke.<\/p>\n\n<p>Depuis le 1er\u00a0janvier\u00a02020, la fille de Tineke a rejoint l\u2019\u00e9quipe en tant que nouvelle force et a commenc\u00e9 \u00e0 se concentrer sur les m\u00e9dias sociaux. La propri\u00e9taire explique\u00a0: <br \/><strong>\u00ab\u00a0Dans des moments comme ceux-ci, vous devez \u00eatre visible, et rester visible. Les clients ont \u00e9galement demand\u00e9 comment ils pouvaient nous suivre, et vous devez alors vraiment offrir quelque chose au quotidien.\u00a0\u00bb<\/strong><\/p>\n\n<p>Avec cette positivit\u00e9, vous pouvez aller loin. Tineke poursuit\u00a0: <br \/><strong>\u00ab\u00a0Vous devez cr\u00e9er vous-m\u00eame une atmosph\u00e8re agr\u00e9able chaque jour. Nous avons continu\u00e9 et avons imm\u00e9diatement introduit la nouvelle collection. Nous avons repeint le magasin et sommes rest\u00e9s actifs. La fa\u00e7on dont vous g\u00e9rez personnellement cette situation est tellement importante. Je suis fi\u00e8re de la collaboration au sein de notre \u00e9quipe, avec nos fournisseurs, et de la confiance que nous avons les uns envers les autres.\u00a0\u00bb<\/strong><\/p>\n\n<hr class=\"wp-block-separator has-alpha-channel-opacity\" \/>\n\n<h3 class=\"wp-block-heading\">Porte l\u00e9g\u00e8rement ouverte<\/h3>\n\n<p>Tineke attend \u00e9galement avec impatience le moment o\u00f9 tout reviendra \u00e0 la \u00ab\u00a0normale\u00a0\u00bb. Heureusement, la porte est d\u00e9j\u00e0 l\u00e9g\u00e8rement ouverte, et les trois derniers mois se sont \u00e9coul\u00e9s assez rapidement, selon ses dires.<br \/><strong>\u00ab\u00a0Il est temps de d\u00e9guster \u00e0 nouveau une tasse de caf\u00e9 \u00e0 notre table basse confortable\u00a0! En ce moment, nous prenons d\u00e9j\u00e0 de nombreux rendez-vous, et c\u2019est formidable d\u2019accueillir \u00e0 nouveau des clients. Nous travaillons vraiment avec un horaire, et toutes les heures ou toutes les heures et demie, de nouveaux clients arrivent. Cela fait du bien et c\u2019est un pas dans la bonne direction.\u00a0\u00bb<\/strong><\/p>\n\n<hr class=\"wp-block-separator has-alpha-channel-opacity\" \/>\n\n<h3 class=\"wp-block-heading\">\u00c0 propos de Maribelle Mode<\/h3>\n\n<p><strong>Maribelle Mode<\/strong> vend les derni\u00e8res collections pour femmes de diff\u00e9rentes marques telles que <strong>Maison Scotch, ICHI, Summum, Geisha, OPUS, Poools, YAYA, MAC et Tramontana<\/strong>. Tous les styles de mode se trouvent sous un m\u00eame toit, combin\u00e9s avec des chaussures, des bottes, des sacs et des bijoux. Tout en d\u00e9gustant une tasse de caf\u00e9, vous recevez toujours des conseils de mode adapt\u00e9s et personnels.  <\/p>\n","protected":false},"excerpt":{"rendered":"<p>\u00ab\u00a0Vous devez cr\u00e9er vous-m\u00eame une atmosph\u00e8re agr\u00e9able chaque jour.\u00a0\u00bb Tineke est propri\u00e9taire de Maribelle Mode, un magasin de mode f\u00e9minine \u00e0 Klundert, depuis 32\u00a0ans. Lorsqu\u2019elle avait 21\u00a0ans, un espace de vente au d\u00e9tail s\u2019est lib\u00e9r\u00e9 dans le village, et elle a saisi l\u2019occasion. Elle a ouvert son propre magasin de v\u00eatements et, de nombreuses ann\u00e9es&hellip;<\/p>\n","protected":false},"featured_media":0,"template":"","format":"standard","meta":[],"categories":[309],"class_list":["post-63917","stories","type-stories","status-publish","format-standard","hentry","category-ek-fashion","description-off"],"_links":{"self":[{"href":"https:\/\/www.ek-retail.com\/fr\/wp-json\/wp\/v2\/stories\/63917","targetHints":{"allow":["GET"]}}],"collection":[{"href":"https:\/\/www.ek-retail.com\/fr\/wp-json\/wp\/v2\/stories"}],"about":[{"href":"https:\/\/www.ek-retail.com\/fr\/wp-json\/wp\/v2\/types\/stories"}],"wp:attachment":[{"href":"https:\/\/www.ek-retail.com\/fr\/wp-json\/wp\/v2\/media?parent=63917"}],"wp:term":[{"taxonomy":"category","embeddable":true,"href":"https:\/\/www.ek-retail.com\/fr\/wp-json\/wp\/v2\/categories?post=63917"}],"curies":[{"name":"wp","href":"https:\/\/api.w.org\/{rel}","templated":true}]}}