{"id":64082,"date":"2026-01-29T10:42:39","date_gmt":"2026-01-29T09:42:39","guid":{"rendered":"https:\/\/www-preview.ek-retail.com\/stories\/ek-living-present-aux-voorjaarsvakdagen-2026\/"},"modified":"2026-04-02T14:03:10","modified_gmt":"2026-04-02T12:03:10","slug":"ek-living-present-aux-voorjaarsvakdagen-2026","status":"publish","type":"stories","link":"https:\/\/www.ek-retail.com\/fr\/stories\/ek-living-present-aux-voorjaarsvakdagen-2026\/","title":{"rendered":"EK Living pr\u00e9sent aux Voorjaarsvakdagen 2026"},"content":{"rendered":"\n<p>La nouvelle ann\u00e9e de l&rsquo;am\u00e9nagement int\u00e9rieur est sur le point de commencer, et EK Living y sera.<\/p>\n\n<p>Du <strong>dimanche 1er f\u00e9vrier au mercredi 4 f\u00e9vrier 2026<\/strong>, les <strong>Voorjaarsvakdagen<\/strong> \u00e0 <strong>De Woonindustrie<\/strong> seront une fois de plus le lieu de rencontre central pour l&rsquo;industrie de la d\u00e9coration int\u00e9rieure. Plus de <strong>300 marques<\/strong> y pr\u00e9senteront leurs collections et leurs tendances. <\/p>\n\n<p>Pendant ces journ\u00e9es professionnelles, vous trouverez <strong>EK Living<\/strong> avec <strong>Linolux<\/strong> et nos propres marques <strong>Altijd Goed Slapen<\/strong> et <strong>OptiSleep<\/strong>. Dans notre showroom, nous pr\u00e9senterons notre nouvelle collection de literie, compl\u00e9t\u00e9e par des favoris bien connus. <\/p>\n\n<p>Les Voorjaarsvakdagen sont l&rsquo;occasion id\u00e9ale de s&rsquo;inspirer, de d\u00e9couvrir les derni\u00e8res nouveaut\u00e9s du secteur de la literie et de faire des achats cibl\u00e9s pour renforcer votre assortiment.<\/p>\n\n<p>De plus, vous b\u00e9n\u00e9ficiez d&rsquo;une visite de salon enti\u00e8rement prise en charge avec <strong>parking gratuit<\/strong>, <strong>restauration gratuite<\/strong> et un <strong>emplacement central pr\u00e8s d&rsquo;Utrecht<\/strong>.<\/p>\n\n<p>Nous sommes impatients de vous accueillir !<\/p>\n\n<p>Vous souhaitez en savoir plus ou visiter le nouveau showroom\u00a0?<\/p>\n\n<figure class=\"wp-block-image size-full\"><img fetchpriority=\"high\" decoding=\"async\" width=\"800\" height=\"500\" src=\"https:\/\/www.ek-retail.com\/wp-content\/uploads\/2026\/01\/afbeelding-3-1-1.jpg\" alt=\"\" class=\"wp-image-62037\" srcset=\"https:\/\/www.ek-retail.com\/wp-content\/uploads\/2026\/01\/afbeelding-3-1-1.jpg 800w, https:\/\/www.ek-retail.com\/wp-content\/uploads\/2026\/01\/afbeelding-3-1-1-300x188.jpg 300w, https:\/\/www.ek-retail.com\/wp-content\/uploads\/2026\/01\/afbeelding-3-1-1-768x480.jpg 768w\" sizes=\"(max-width: 800px) 100vw, 800px\" \/><\/figure>\n\n<p>Alors, veuillez prendre rendez-vous avec\u00a0:<br\/><strong>Arjan Morel \u2013 06 82 68 32 93 <br\/>Werner Op \u2019t Eijnde \u2013 06 53 25 61 90<\/strong><\/p>\n","protected":false},"excerpt":{"rendered":"<p>La nouvelle ann\u00e9e de l&rsquo;am\u00e9nagement int\u00e9rieur est sur le point de commencer, et EK Living y sera. Du dimanche 1er f\u00e9vrier au mercredi 4 f\u00e9vrier 2026, les Voorjaarsvakdagen \u00e0 De Woonindustrie seront une fois de plus le lieu de rencontre central pour l&rsquo;industrie de la d\u00e9coration int\u00e9rieure. Plus de 300 marques y pr\u00e9senteront leurs collections&hellip;<\/p>\n","protected":false},"featured_media":0,"template":"","format":"standard","meta":[],"categories":[311],"class_list":["post-64082","stories","type-stories","status-publish","format-standard","hentry","category-ek-living","description-off"],"_links":{"self":[{"href":"https:\/\/www.ek-retail.com\/fr\/wp-json\/wp\/v2\/stories\/64082","targetHints":{"allow":["GET"]}}],"collection":[{"href":"https:\/\/www.ek-retail.com\/fr\/wp-json\/wp\/v2\/stories"}],"about":[{"href":"https:\/\/www.ek-retail.com\/fr\/wp-json\/wp\/v2\/types\/stories"}],"wp:attachment":[{"href":"https:\/\/www.ek-retail.com\/fr\/wp-json\/wp\/v2\/media?parent=64082"}],"wp:term":[{"taxonomy":"category","embeddable":true,"href":"https:\/\/www.ek-retail.com\/fr\/wp-json\/wp\/v2\/categories?post=64082"}],"curies":[{"name":"wp","href":"https:\/\/api.w.org\/{rel}","templated":true}]}}