{"id":64101,"date":"2026-01-29T10:48:27","date_gmt":"2026-01-29T09:48:27","guid":{"rendered":"https:\/\/www-preview.ek-retail.com\/stories\/jurgen-van-rooij-le-contact-personnel-est-primordial\/"},"modified":"2026-02-04T17:36:52","modified_gmt":"2026-02-04T16:36:52","slug":"jurgen-van-rooij-le-contact-personnel-est-primordial","status":"publish","type":"stories","link":"https:\/\/www.ek-retail.com\/fr\/stories\/jurgen-van-rooij-le-contact-personnel-est-primordial\/","title":{"rendered":"Jurgen van Rooij&nbsp;: \u00ab&nbsp;Le contact personnel est primordial&nbsp;\u00bb"},"content":{"rendered":"\n<p>\u00ab\u00a0Lorsque Formido a cess\u00e9 d\u2019exister en tant qu\u2019organisation, nous avons d\u00fb chercher une alternative. Nous avons choisi Hubo parce que le concept nous plaisait vraiment\u00a0\u00bb, explique Jurgen van Rooij, propri\u00e9taire de magasins Hubo \u00e0 Asten et Sint-Oedenrode. \u00ab\u00a0De plus, vous avez toute la libert\u00e9 de continuer \u00e0 fonctionner de mani\u00e8re ind\u00e9pendante, et c\u2019est important pour moi. Je ne veux pas \u00eatre le g\u00e9rant de mon propre magasin.\u00a0\u00bb <\/p>\n\n<p>\u00ab\u00a0La vision de Hubo sur les solutions sur mesure correspond parfaitement \u00e0 notre fa\u00e7on de voir le d\u00e9veloppement du secteur du bricolage. Vous avez des magasins concurrents qui se concentrent principalement sur le prix, et \u00e0 l\u2019autre extr\u00e9mit\u00e9 du spectre, vous avez Hubo, o\u00f9 les conseils professionnels et le contact personnel avec les clients sont primordiaux. Nous connaissons notre march\u00e9, les gens qui vivent ici et leurs besoins. Gr\u00e2ce \u00e0 notre \u00e9quipe et \u00e0 notre gamme de produits, nous pouvons tr\u00e8s bien y r\u00e9pondre.\u00a0\u00bb<\/p>\n\n<p>\u00ab\u00a0La combinaison avec Decorette fonctionne \u00e0 merveille\u00a0; c\u2019est un ajout pr\u00e9cieux au concept Hubo. \u00c0 Asten, nous avons un magasin shop-in-shop Decorette o\u00f9 travaillent des femmes comp\u00e9tentes qui connaissent vraiment leur m\u00e9tier. Nous y offrons aux consommateurs de l\u2019inspiration, et ils peuvent compter sur des conseils professionnels en mati\u00e8re de d\u00e9coration int\u00e9rieure.\u00a0\u00bb<\/p>\n\n<p>\u00ab\u00a0Les clients r\u00e9agissent tr\u00e8s positivement \u00e0 Hubo, surtout parce que le concept et l\u2019apparence sont tr\u00e8s contemporains et diff\u00e9rents de ce qu\u2019ils avaient en t\u00eate. L\u2019aspect quelque peu d\u00e9mod\u00e9 du pass\u00e9 a compl\u00e8tement disparu. Hubo a subi une transformation compl\u00e8te ces derni\u00e8res ann\u00e9es et est pr\u00eat pour l\u2019avenir\u00a0\u00bb, d\u00e9clare Jurgen van Rooij.<\/p>\n","protected":false},"excerpt":{"rendered":"<p>\u00ab\u00a0Lorsque Formido a cess\u00e9 d\u2019exister en tant qu\u2019organisation, nous avons d\u00fb chercher une alternative. Nous avons choisi Hubo parce que le concept nous plaisait vraiment\u00a0\u00bb, explique Jurgen van Rooij, propri\u00e9taire de magasins Hubo \u00e0 Asten et Sint-Oedenrode. \u00ab\u00a0De plus, vous avez toute la libert\u00e9 de continuer \u00e0 fonctionner de mani\u00e8re ind\u00e9pendante, et c\u2019est important pour&hellip;<\/p>\n","protected":false},"featured_media":0,"template":"","format":"standard","meta":[],"categories":[314],"class_list":["post-64101","stories","type-stories","status-publish","format-standard","hentry","category-ek-diy","description-off"],"_links":{"self":[{"href":"https:\/\/www.ek-retail.com\/fr\/wp-json\/wp\/v2\/stories\/64101","targetHints":{"allow":["GET"]}}],"collection":[{"href":"https:\/\/www.ek-retail.com\/fr\/wp-json\/wp\/v2\/stories"}],"about":[{"href":"https:\/\/www.ek-retail.com\/fr\/wp-json\/wp\/v2\/types\/stories"}],"wp:attachment":[{"href":"https:\/\/www.ek-retail.com\/fr\/wp-json\/wp\/v2\/media?parent=64101"}],"wp:term":[{"taxonomy":"category","embeddable":true,"href":"https:\/\/www.ek-retail.com\/fr\/wp-json\/wp\/v2\/categories?post=64101"}],"curies":[{"name":"wp","href":"https:\/\/api.w.org\/{rel}","templated":true}]}}