{"id":65612,"date":"2025-12-03T13:15:00","date_gmt":"2025-12-03T12:15:00","guid":{"rendered":"https:\/\/www-preview.ek-retail.com\/stories\/frank-heus-prend-la-direction-dek-fashion\/"},"modified":"2026-04-02T14:48:12","modified_gmt":"2026-04-02T12:48:12","slug":"frank-heus-prend-la-direction-dek-fashion","status":"publish","type":"stories","link":"https:\/\/www.ek-retail.com\/fr\/stories\/frank-heus-prend-la-direction-dek-fashion\/","title":{"rendered":"Frank Heus prend la direction d&rsquo;EK Fashion"},"content":{"rendered":"\n<p>Amersfoort\/Bielefeld, 3 d\u00e9cembre 2025 \u2013 Frank Heus deviendra le nouveau directeur de l&rsquo;unit\u00e9 commerciale EK Fashion : Le dirigeant n\u00e9erlandais prendra la responsabilit\u00e9 du segment mode au sein du groupe multisectoriel EK Retail \u00e0 compter du 1er janvier 2026.<\/p>\n\n<p>Heus apporte une vaste exp\u00e9rience en leadership au niveau europ\u00e9en dans les domaines de la vente, du marketing et de la gestion. Ses r\u00e9alisations pr\u00e9c\u00e9dentes incluent le d\u00e9veloppement et l&rsquo;expansion r\u00e9ussis de positions de marque au sein d&rsquo;entreprises et d&rsquo;organisations de divers secteurs. <\/p>\n\n<p>Dans son nouveau r\u00f4le, Frank Heus se voit avant tout comme une source d&rsquo;inspiration et un motivateur pour une \u00e9quipe EK Fashion solide : <em>\u00ab Outre une orientation coh\u00e9rente sur les groupes cibles en mati\u00e8re d&rsquo;assortiment et de marketing, il sera crucial de construire des relations solides et de cr\u00e9er des ponts tant en interne qu&rsquo;en externe \u00bb,<\/em> souligne Heus \u00e0 propos de ses objectifs pour 2026.<\/p>\n\n<p>Cet objectif s&rsquo;aligne parfaitement avec l&rsquo;ADN du groupe, selon Martin Richrath, PDG d&rsquo;EK Retail : <em>\u00ab La proximit\u00e9 avec les clients et une collaboration \u00e9troite avec les partenaires du commerce de d\u00e9tail et de l&rsquo;industrie constituent la meilleure base pour soutenir le commerce en p\u00e9riode d&rsquo;incertitude \u00e9conomique et g\u00e9opolitique qui affectent la confiance des consommateurs. Nous sommes convaincus que Frank Heus apportera une contribution significative au d\u00e9veloppement positif continu d&rsquo;EK Fashion. \u00bb<\/em><\/p>\n\n<p>Les coll\u00e8gues d&rsquo;Amersfoort ne sont pas les seuls \u00e0 se r\u00e9jouir de l&rsquo;arriv\u00e9e du nouveau dirigeant. L&rsquo;\u00e9quipe EK Fashion de la r\u00e9gion D-A-CH, dirig\u00e9e par Thomas Schwab, responsable des ventes D-A-CH pour EK Fashion, attend \u00e9galement avec impatience de travailler avec Frank Heus l&rsquo;ann\u00e9e prochaine et aborde cette collaboration avec une grande confiance et de fortes attentes. <\/p>\n\n<hr class=\"wp-block-separator has-alpha-channel-opacity\"\/>\n\n<p><strong>L\u00e9gende de l&rsquo;image :<\/strong><br\/>Frank Heus prendra le poste de directeur EK Fashion au sein du groupe multisectoriel EK Retail le 1er janvier 2026.<\/p>\n\n<p><strong>Contact EK Retail :<\/strong><br\/>Paul Spieker<br\/>Responsable Communication &amp; Coop\u00e9rations Groupe<br\/>T\u00e9l\u00e9phone : +49 521 2092200<br\/>E-mail : p.spieker@ek-retail.com<\/p>\n","protected":false},"excerpt":{"rendered":"<p>Amersfoort\/Bielefeld, 3 d\u00e9cembre 2025 \u2013 Frank Heus deviendra le nouveau directeur de l&rsquo;unit\u00e9 commerciale EK Fashion : Le dirigeant n\u00e9erlandais prendra la responsabilit\u00e9 du segment mode au sein du groupe multisectoriel EK Retail \u00e0 compter du 1er janvier 2026. Heus apporte une vaste exp\u00e9rience en leadership au niveau europ\u00e9en dans les domaines de la vente,&hellip;<\/p>\n","protected":false},"featured_media":0,"template":"","format":"standard","meta":[],"categories":[309],"class_list":["post-65612","stories","type-stories","status-publish","format-standard","hentry","category-ek-fashion","description-off"],"_links":{"self":[{"href":"https:\/\/www.ek-retail.com\/fr\/wp-json\/wp\/v2\/stories\/65612","targetHints":{"allow":["GET"]}}],"collection":[{"href":"https:\/\/www.ek-retail.com\/fr\/wp-json\/wp\/v2\/stories"}],"about":[{"href":"https:\/\/www.ek-retail.com\/fr\/wp-json\/wp\/v2\/types\/stories"}],"wp:attachment":[{"href":"https:\/\/www.ek-retail.com\/fr\/wp-json\/wp\/v2\/media?parent=65612"}],"wp:term":[{"taxonomy":"category","embeddable":true,"href":"https:\/\/www.ek-retail.com\/fr\/wp-json\/wp\/v2\/categories?post=65612"}],"curies":[{"name":"wp","href":"https:\/\/api.w.org\/{rel}","templated":true}]}}