{"id":65616,"date":"2025-10-23T13:13:00","date_gmt":"2025-10-23T11:13:00","guid":{"rendered":"https:\/\/www-preview.ek-retail.com\/stories\/eus-peters-rejoint-le-jury-de-leuropean-retail-award\/"},"modified":"2026-02-17T13:26:48","modified_gmt":"2026-02-17T12:26:48","slug":"eus-peters-rejoint-le-jury-de-leuropean-retail-award","status":"publish","type":"stories","link":"https:\/\/www.ek-retail.com\/fr\/stories\/eus-peters-rejoint-le-jury-de-leuropean-retail-award\/","title":{"rendered":"Eus Peters rejoint le jury de l\u2019European Retail Award"},"content":{"rendered":"\n<p><strong>Bielefeld, le 23 octobre 2025<br\/>Eus Peters rejoint le jury de l\u2019European Retail Award<\/strong><br\/><strong>Klaus Schmelzeisen se retire apr\u00e8s 14 ans en tant que membre du jury<\/strong><\/p>\n\n<p>Lors de la prochaine r\u00e9union au printemps 2026, sa voix sera sollicit\u00e9e pour la premi\u00e8re fois au sein du jury international de l\u2019European Retail Award (ERA), le format successeur des c\u00e9l\u00e8bres EK Passion Stars d\u2019EK Retail : Eus Peters, directeur g\u00e9n\u00e9ral de l\u2019Association n\u00e9erlandaise du commerce de d\u00e9tail, rejoint l\u2019\u00e9quipe de jury ind\u00e9pendante, succ\u00e9dant \u00e0 Klaus Schmelzeisen, membre du panel depuis 2011.<br\/>En tant que directeur g\u00e9n\u00e9ral de l\u2019Association n\u00e9erlandaise du commerce de d\u00e9tail (Raad Nederlandse Detailhandel, ou RND), Eus Peters apporte un regard impartial sur les forces et les d\u00e9fis du secteur du commerce de d\u00e9tail et dispose \u00e9galement d\u2019une vaste expertise dans les domaines de la gestion des connaissances, du parcours client et du conseil en management\/strat\u00e9gie. Avant de rejoindre le RND, il a occup\u00e9 des postes \u00e0 responsabilit\u00e9s au sein d\u2019organisations telles que Koninklijke Horeca Nederland (KHN) et MKB Nederland. <\/p>\n\n<p>Alors que KHN, en tant que plus grande association professionnelle n\u00e9erlandaise du secteur de l\u2019h\u00f4tellerie-restauration, s\u2019engage \u00e0 garantir la p\u00e9rennit\u00e9 du secteur de la restauration, MKB Nederland, en tant qu\u2019organisation fa\u00eeti\u00e8re et plus grande association d\u2019entreprises du pays, repr\u00e9sente les int\u00e9r\u00eats d\u2019environ 150\u202f000 entrepreneurs. Le r\u00e9seau particuli\u00e8rement solide constitue un autre atout que le dipl\u00f4m\u00e9 en administration des affaires (MBA) peut mettre \u00e0 profit. <br\/>\u00ab Je me r\u00e9jouis vivement de travailler avec mes coll\u00e8gues du jury pour distinguer des d\u00e9taillants passionn\u00e9s \u00e0 travers l\u2019Europe, exemples embl\u00e9matiques d\u2019un entrepreneuriat engag\u00e9 \u00bb, d\u00e9clare Peters, d\u00e9j\u00e0 tourn\u00e9 vers la prochaine \u00e9dition de l\u2019European Retail Award.<\/p>\n\n<p>L\u2019un arrive, l\u2019autre s\u2019en va<br\/>Il est temps de dire au revoir \u00e0 Klaus Schmelzeisen : l\u2019expert du commerce de d\u00e9tail originaire de Montabaur, qui s\u2019est notamment fait un nom en tant que membre du directoire de Zwilling Deutschland GmbH, se retire apr\u00e8s 14 ans au sein du jury. Le CEO d\u2019EK Retail, Martin Richrath, r\u00e9sume l\u2019importance du cofondateur des anciens EK Passion Stars pour le d\u00e9veloppement de l\u2019EK Award, qui sera remis pour la premi\u00e8re fois en 2025 sous le nom d\u2019ERA : \u00ab Son grand engagement et sa conviction dans la force du commerce sp\u00e9cialis\u00e9 ind\u00e9pendant ont contribu\u00e9 \u00e0 faire de ce prix ce qu\u2019il est aujourd\u2019hui : une distinction sectorielle dont le rayonnement international d\u00e9passe depuis longtemps les fronti\u00e8res de notre communaut\u00e9 de distributeurs EK. Nous en sommes tr\u00e8s reconnaissants \u00e0 Klaus Schmelzeisen. \u00bb <\/p>\n\n<p>La phase de candidature pour le prix 2026 a commenc\u00e9. Les d\u00e9taillants non alimentaires int\u00e9ress\u00e9s peuvent d\u00e9poser leur candidature jusqu\u2019en mars 2026 sur Participation | European Retail Award.<br\/>Vous trouverez de plus amples informations sur : <a href=\"https:\/\/europeanretailaward.com\/participation\">Participation | European Retail Award<\/a> <\/p>\n","protected":false},"excerpt":{"rendered":"<p>Bielefeld, le 23 octobre 2025Eus Peters rejoint le jury de l\u2019European Retail AwardKlaus Schmelzeisen se retire apr\u00e8s 14 ans en tant que membre du jury Lors de la prochaine r\u00e9union au printemps 2026, sa voix sera sollicit\u00e9e pour la premi\u00e8re fois au sein du jury international de l\u2019European Retail Award (ERA), le format successeur des&hellip;<\/p>\n","protected":false},"featured_media":0,"template":"","format":"standard","meta":[],"categories":[294],"class_list":["post-65616","stories","type-stories","status-publish","format-standard","hentry","category-non-categorise","description-off"],"_links":{"self":[{"href":"https:\/\/www.ek-retail.com\/fr\/wp-json\/wp\/v2\/stories\/65616","targetHints":{"allow":["GET"]}}],"collection":[{"href":"https:\/\/www.ek-retail.com\/fr\/wp-json\/wp\/v2\/stories"}],"about":[{"href":"https:\/\/www.ek-retail.com\/fr\/wp-json\/wp\/v2\/types\/stories"}],"wp:attachment":[{"href":"https:\/\/www.ek-retail.com\/fr\/wp-json\/wp\/v2\/media?parent=65616"}],"wp:term":[{"taxonomy":"category","embeddable":true,"href":"https:\/\/www.ek-retail.com\/fr\/wp-json\/wp\/v2\/categories?post=65616"}],"curies":[{"name":"wp","href":"https:\/\/api.w.org\/{rel}","templated":true}]}}