{"id":65617,"date":"2025-09-18T11:27:00","date_gmt":"2025-09-18T09:27:00","guid":{"rendered":"https:\/\/www-preview.ek-retail.com\/stories\/le-conseil-de-surveillance-dek-retail-se-reconstitue\/"},"modified":"2026-02-19T08:59:17","modified_gmt":"2026-02-19T07:59:17","slug":"le-conseil-de-surveillance-dek-retail-se-reconstitue","status":"publish","type":"stories","link":"https:\/\/www.ek-retail.com\/fr\/stories\/le-conseil-de-surveillance-dek-retail-se-reconstitue\/","title":{"rendered":"Le Conseil de surveillance d&rsquo;EK Retail se reconstitue"},"content":{"rendered":"\n<p>Bielefeld, le 18 septembre 2025<\/p>\n\n<p>L&rsquo;Assembl\u00e9e des repr\u00e9sentants \u00e9lit Johan G.M. Vlassak au Conseil de surveillance \/ Dr Marc Zgaga nomm\u00e9 nouveau vice-pr\u00e9sident du Conseil de surveillance<\/p>\n\n<p>Le 16 septembre 2025, les repr\u00e9sentants des membres d&rsquo;EK Retail se sont r\u00e9unis \u00e0 nouveau apr\u00e8s l&rsquo;Assembl\u00e9e annuelle qui s&rsquo;est tenue en avril \u00e0 Amersfoort, aux Pays-Bas \u2013 cette fois au si\u00e8ge allemand de l&rsquo;entreprise \u00e0 Bielefeld. Outre d&rsquo;autres points \u00e0 l&rsquo;ordre du jour, des \u00e9lections au Conseil de surveillance ont eu lieu. Suite au d\u00e9part statutaire de Peter Dirks, l&rsquo;Assembl\u00e9e des repr\u00e9sentants a \u00e9lu Johan Vlassak au Conseil de surveillance de la coop\u00e9rative multisectorielle, repr\u00e9sentant les int\u00e9r\u00eats de plus de 3 800 partenaires de distribution internationaux. Lors de la r\u00e9union constitutive qui a suivi, le Conseil de surveillance nouvellement form\u00e9 a \u00e9lu le Dr Marc Zgaga au poste de vice-pr\u00e9sident du Conseil de surveillance.   <\/p>\n\n<p>Peter Dirks, expert n\u00e9erlandais distingu\u00e9 dans les domaines de la distribution et de la finance et ancien pr\u00e9sident du Conseil de surveillance d&rsquo;Euretco (EK Pays-Bas), a quitt\u00e9 ses fonctions apr\u00e8s trois ans de mandat, occupant plus r\u00e9cemment le poste de vice-pr\u00e9sident, conform\u00e9ment aux statuts de l&rsquo;entreprise. Le Conseil de surveillance, le Conseil d&rsquo;administration et l&rsquo;Assembl\u00e9e des repr\u00e9sentants ont exprim\u00e9 leur sinc\u00e8re gratitude pour son engagement d\u00e9vou\u00e9, notamment au regard de la r\u00e9ussite de l&rsquo;internationalisation d&rsquo;EK Retail, et lui ont souhait\u00e9 le meilleur pour l&rsquo;avenir. <\/p>\n\n<p>Johan Vlassak a postul\u00e9 pour pourvoir le si\u00e8ge vacant et s&rsquo;est pr\u00e9sent\u00e9 aux repr\u00e9sentants d&rsquo;EK lors de l&rsquo;Assembl\u00e9e \u00e0 Bielefeld. Originaire d&rsquo;Eindhoven, il peut se pr\u00e9valoir d&rsquo;une carri\u00e8re r\u00e9ussie dans la finance et a occup\u00e9 divers postes de direction dans le secteur bancaire d&rsquo;entreprise, notamment au sein de la grande banque n\u00e9erlandaise ABN AMRO et de la Rabobank, organis\u00e9e sous forme coop\u00e9rative. <\/p>\n\n<p>L&rsquo;un des principaux domaines d&rsquo;expertise de ce sp\u00e9cialiste de la distribution et de la finance, titulaire d&rsquo;un Master of Business Valuation (MBV), est l&rsquo;\u00e9valuation de la valeur financi\u00e8re des entreprises, avec un accent particulier sur les fusions et acquisitions. Plus r\u00e9cemment, Vlassak a occup\u00e9 le poste de directeur et associ\u00e9 chez Crowe Foederer Corporate Finance BV, l&rsquo;un des principaux cabinets n\u00e9erlandais d&rsquo;audit et de conseil.<br\/>Lors du vote qui a suivi, l&rsquo;Assembl\u00e9e des repr\u00e9sentants l&rsquo;a \u00e9lu au Conseil de surveillance. \u00ab Johan Vlassak est un professionnel hautement exp\u00e9riment\u00e9 dans le vaste domaine de l&rsquo;analyse financi\u00e8re et de la prise de d\u00e9cision strat\u00e9gique. Outre sa solide expertise dans le secteur de la distribution, il apporte une pr\u00e9cieuse perspective externe \u00e0 notre groupe d&rsquo;entreprises \u2013 une perspective qui ouvre de nouveaux horizons et nous rendra sans aucun doute encore plus forts. Nous nous r\u00e9jouissons d&rsquo;une collaboration fructueuse avec lui \u00bb, a d\u00e9clar\u00e9 Martin Richrath, directeur g\u00e9n\u00e9ral d&rsquo;EK.<br\/>R\u00e9alignement strat\u00e9gique au sein du Conseil de surveillance : nomination du vice-pr\u00e9sident, confirmation du pr\u00e9sident<br\/>\u00c0 la suite de l&rsquo;assembl\u00e9e des repr\u00e9sentants, le Conseil de surveillance a tenu sa r\u00e9union constitutive et a \u00e9lu le Dr Marc Zgaga \u2013 docteur en droit, membre du Conseil de surveillance depuis avril 2025, directeur g\u00e9n\u00e9ral de DER MITTELSTANDSVERBUND-ZGV e.V. et directeur g\u00e9n\u00e9ral de ServiCon Service &amp; Consult eG \u2013 au poste de nouveau vice-pr\u00e9sident.<br\/>Johannes Lenzschau a \u00e9t\u00e9 confirm\u00e9 dans son r\u00f4le de pr\u00e9sident du Conseil de surveillance par ses coll\u00e8gues membres du conseil.  <\/p>\n\n<p>La composition du Conseil de surveillance est la suivante :<br\/>Johannes Lenzschau (pr\u00e9sident), Wildeshausen (DE)<br\/>Dr Marc Zgaga (vice-pr\u00e9sident), Cologne (DE)<br\/>Johan Vlassak, Budel (NL)<br\/>Wolfgang Neuhoff, Dortmund (DE)<br\/>Paul Berden, Venlo-Blerick (NL)<br\/>Nico Vanderveen, Assen (NL)<\/p>\n","protected":false},"excerpt":{"rendered":"<p>Bielefeld, le 18 septembre 2025 L&rsquo;Assembl\u00e9e des repr\u00e9sentants \u00e9lit Johan G.M. Vlassak au Conseil de surveillance \/ Dr Marc Zgaga nomm\u00e9 nouveau vice-pr\u00e9sident du Conseil de surveillance Le 16 septembre 2025, les repr\u00e9sentants des membres d&rsquo;EK Retail se sont r\u00e9unis \u00e0 nouveau apr\u00e8s l&rsquo;Assembl\u00e9e annuelle qui s&rsquo;est tenue en avril \u00e0 Amersfoort, aux Pays-Bas \u2013&hellip;<\/p>\n","protected":false},"featured_media":0,"template":"","format":"standard","meta":[],"categories":[294],"class_list":["post-65617","stories","type-stories","status-publish","format-standard","hentry","category-non-categorise","description-off"],"_links":{"self":[{"href":"https:\/\/www.ek-retail.com\/fr\/wp-json\/wp\/v2\/stories\/65617","targetHints":{"allow":["GET"]}}],"collection":[{"href":"https:\/\/www.ek-retail.com\/fr\/wp-json\/wp\/v2\/stories"}],"about":[{"href":"https:\/\/www.ek-retail.com\/fr\/wp-json\/wp\/v2\/types\/stories"}],"wp:attachment":[{"href":"https:\/\/www.ek-retail.com\/fr\/wp-json\/wp\/v2\/media?parent=65617"}],"wp:term":[{"taxonomy":"category","embeddable":true,"href":"https:\/\/www.ek-retail.com\/fr\/wp-json\/wp\/v2\/categories?post=65617"}],"curies":[{"name":"wp","href":"https:\/\/api.w.org\/{rel}","templated":true}]}}