{"id":65964,"date":"2025-12-12T09:03:00","date_gmt":"2025-12-12T08:03:00","guid":{"rendered":"https:\/\/www-preview.ek-retail.com\/stories\/nouveau-magasin-electroplus-kuchenplus-a-rosenheim\/"},"modified":"2026-02-18T16:28:21","modified_gmt":"2026-02-18T15:28:21","slug":"nouveau-magasin-electroplus-kuchenplus-a-rosenheim","status":"publish","type":"stories","link":"https:\/\/www.ek-retail.com\/fr\/stories\/nouveau-magasin-electroplus-kuchenplus-a-rosenheim\/","title":{"rendered":"Nouveau magasin electroplus k\u00fcchenplus \u00e0 Rosenheim"},"content":{"rendered":"\n<p><strong>Bielefeld\/Rosenheim, le 10 d\u00e9cembre 2025<\/strong><\/p>\n\n<p><br \/>Lorsqu&rsquo;un nouveau magasin sp\u00e9cialis\u00e9 en \u00e9lectrom\u00e9nager et cuisines ouvre ses portes, cela n\u00e9cessite non seulement du courage entrepreneurial, mais aussi un concept solide. \u00c0 Rosenheim, les deux se rejoignent : le 2 d\u00e9cembre, le commer\u00e7ant en \u00e9lectrom\u00e9nager Vural Koplay y a ouvert son nouveau magasin. Son partenaire : la coop\u00e9rative multisectorielle EK Retail, bas\u00e9e \u00e0 Bielefeld, avec son concept de magasin de marque \u00e0 succ\u00e8s electroplus k\u00fcchenplus.  <\/p>\n\n<p>Depuis la mi-2025, Vural Koplay dirige les magasins d&rsquo;\u00e9lectrom\u00e9nager Reithofer Profifachmarkt \u00e0 Munich et electroplus Schroeder \u00e0 Friedberg, en Hesse. Avec l&rsquo;ouverture d&rsquo;\u00ab electroplus k\u00fcchenplus Rosenheim \u00bb, il compl\u00e8te d\u00e9sormais le trio. Mais Koplay n&rsquo;est pas un commer\u00e7ant typique \u2013 c&rsquo;est plut\u00f4t un expert de terrain, un visionnaire et un professionnel du service en une seule personne, avec environ 15 ans d&rsquo;exp\u00e9rience dans les services d&rsquo;installation, ce qui signifie qu&rsquo;il sait exactement ce que les consommateurs attendent.  <\/p>\n\n<p>\u00ab Nous voulions plus que simplement ouvrir un magasin. Notre objectif est d&rsquo;offrir \u00e0 nos clients de l&rsquo;inspiration, une qualit\u00e9 premium et surtout un v\u00e9ritable service. Avec electroplus k\u00fcchenplus, nous avons trouv\u00e9 le partenaire id\u00e9al pour cela \u00bb, d\u00e9clare Koplay.<\/p>\n\n<p>Un point de vue que Christian Bichlmeier, directeur r\u00e9gional electroplus k\u00fcchenplus, partage volontiers : \u00ab Nous sommes vraiment sur la m\u00eame longueur d&rsquo;onde. Vural Koplay incarne les valeurs qui sont \u00e9galement essentielles pour nous. Il ne pourrait y avoir de meilleure base pour une collaboration r\u00e9ussie. \u00bb<br \/>Des univers de marques qui inspirent<br \/>Le design de la fa\u00e7ade et l&rsquo;am\u00e9nagement du magasin du nouveau point de vente arborent le look moderne electroplus k\u00fcchenplus. Des lignes \u00e9pur\u00e9es, des espaces de pr\u00e9sentation g\u00e9n\u00e9reux et des univers de marques mis en sc\u00e8ne de mani\u00e8re \u00e9motionnelle caract\u00e9risent l&rsquo;apparence. \u00ab electroplus k\u00fcchenplus parvient \u00e0 combiner harmonieusement les univers de l&rsquo;\u00e9lectrom\u00e9nager et des cuisines comme aucun autre concept de commerce sp\u00e9cialis\u00e9 \u00bb, explique Christian Claes, responsable du concept chez k\u00fcchenplus.<br \/>L&rsquo;espace \u00e9lectrom\u00e9nager s&rsquo;\u00e9tend sur environ 200 m\u00e8tres carr\u00e9s et pr\u00e9sente des marques de premier plan telles qu&rsquo;AEG, Bosch, Liebherr, Neff et Siemens. Int\u00e9gr\u00e9 \u00e0 cet espace se trouve un shop Miele de 50 m\u00e8tres carr\u00e9s, qui met en valeur de mani\u00e8re impressionnante l&rsquo;univers de la marque du fabricant premium de G\u00fctersloh. L&rsquo;exposition de cuisines de 70 m\u00e8tres carr\u00e9s se concentre sur la marque Nolte K\u00fcchen.<br \/>Un service qui \u00e9tablit des normes<br \/>Chez electroplus k\u00fcchenplus Rosenheim, le service est repens\u00e9 : du conseil expert \u00e0 l&rsquo;installation et au montage jusqu&rsquo;\u00e0 l&rsquo;\u00e9limination \u00e9cologique des anciens appareils \u2013 tout est fourni par une seule source. Les machines \u00e0 laver, s\u00e8che-linge, r\u00e9frig\u00e9rateurs, cong\u00e9lateurs et lave-vaisselle sont r\u00e9par\u00e9s directement au domicile du client si n\u00e9cessaire. De plus, Koplay et son \u00e9quipe proposent un financement \u00e0 0 % et des extensions de garantie.<br \/>Meilleur emplacement, meilleure visibilit\u00e9<br \/>Le choix de l&#8217;emplacement est \u00e9galement impressionnant : situation centrale en centre-ville en dehors de la zone pi\u00e9tonne, forte fr\u00e9quentation et nombreuses places de stationnement. Le plus grand d\u00e9fi reste la construction de la notori\u00e9t\u00e9 \u2013 une nouvelle entreprise doit d&rsquo;abord se faire un nom.       <\/p>\n\n<p><strong>Marketing sur tous les canaux<\/strong><br \/>C&rsquo;est l\u00e0 qu&rsquo;intervient le pack marketing 360 degr\u00e9s \u00e9prouv\u00e9 d&rsquo;electroplus k\u00fcchenplus. \u00ab Il offre tout ce dont un commer\u00e7ant sp\u00e9cialis\u00e9 a besoin aujourd&rsquo;hui : pr\u00e9sence en ligne, r\u00e9seaux sociaux, Google Ads, campagnes sur le point de vente et prospectus. Tous les canaux fonctionnent de concert pour mettre en valeur parfaitement l&rsquo;assortiment et le service sur le march\u00e9 local \u00bb, explique Meike Ullrich, responsable du concept electroplus. <\/p>\n\n<p>Pour Koplay, c&rsquo;est clair : \u00ab electroplus k\u00fcchenplus offre le programme complet pour r\u00e9ussir sur un march\u00e9 hautement concurrentiel \u2013 tout en soutenant l&rsquo;individualit\u00e9 de chaque commer\u00e7ant. Pour nous, c&rsquo;est vraiment une combinaison parfaite. \u00bb<\/p>\n\n<p><strong>Offres attractives pour la grande ouverture<\/strong><br \/>L&rsquo;ouverture officielle du 2 d\u00e9cembre 2025 sera c\u00e9l\u00e9br\u00e9e avec des offres attractives et de belles surprises pour petits et grands. Les visiteurs sont chaleureusement invit\u00e9s \u00e0 d\u00e9couvrir les nouveaux locaux et \u00e0 se laisser inspirer par le showroom moderne. <br \/><\/p>\n\n<p><strong>L\u00e9gendes des images :<\/strong><br \/><strong>Image 1 :<\/strong> Christian Bichlmeier (directeur r\u00e9gional electroplus k\u00fcchenplus, EK Retail), Vural Koplay (propri\u00e9taire, electroplus k\u00fcchenplus Rosenheim) et Martin Wolf (directeur g\u00e9n\u00e9ral EK Home Electrical Appliances, EK Retail) c\u00e9l\u00e8brent la grande ouverture \u00e0 Rosenheim.<br \/><strong>Images 2\u20134 :<\/strong> Le nouveau design de fa\u00e7ade et le concept de magasin moderne du point de vente electroplus k\u00fcchenplus \u00e0 Rosenheim font une d\u00e9claration audacieuse.<\/p>\n\n<p><strong>Contact EK Retail<\/strong><br \/>Paul Spieker<br \/>Responsable Communications &amp; Coop\u00e9rations Groupe<br \/>T\u00e9l\u00e9phone : +49 521 2092-200<br \/>E-mail : p.spieker@ek-retail.com<\/p>\n","protected":false},"excerpt":{"rendered":"<p>Bielefeld\/Rosenheim, le 10 d\u00e9cembre 2025 Lorsqu&rsquo;un nouveau magasin sp\u00e9cialis\u00e9 en \u00e9lectrom\u00e9nager et cuisines ouvre ses portes, cela n\u00e9cessite non seulement du courage entrepreneurial, mais aussi un concept solide. \u00c0 Rosenheim, les deux se rejoignent : le 2 d\u00e9cembre, le commer\u00e7ant en \u00e9lectrom\u00e9nager Vural Koplay y a ouvert son nouveau magasin. Son partenaire : la coop\u00e9rative&hellip;<\/p>\n","protected":false},"featured_media":0,"template":"","format":"standard","meta":[],"categories":[317],"class_list":["post-65964","stories","type-stories","status-publish","format-standard","hentry","category-ek-home","description-off"],"_links":{"self":[{"href":"https:\/\/www.ek-retail.com\/fr\/wp-json\/wp\/v2\/stories\/65964","targetHints":{"allow":["GET"]}}],"collection":[{"href":"https:\/\/www.ek-retail.com\/fr\/wp-json\/wp\/v2\/stories"}],"about":[{"href":"https:\/\/www.ek-retail.com\/fr\/wp-json\/wp\/v2\/types\/stories"}],"wp:attachment":[{"href":"https:\/\/www.ek-retail.com\/fr\/wp-json\/wp\/v2\/media?parent=65964"}],"wp:term":[{"taxonomy":"category","embeddable":true,"href":"https:\/\/www.ek-retail.com\/fr\/wp-json\/wp\/v2\/categories?post=65964"}],"curies":[{"name":"wp","href":"https:\/\/api.w.org\/{rel}","templated":true}]}}