{"id":65980,"date":"2025-12-04T14:01:00","date_gmt":"2025-12-04T13:01:00","guid":{"rendered":"https:\/\/www-preview.ek-retail.com\/stories\/electroplus-kuchenplus-et-miele-celebrent-le-succes-de-la-campagne-avec-une-augmentation-significative-des-ventes\/"},"modified":"2026-04-02T14:47:41","modified_gmt":"2026-04-02T12:47:41","slug":"electroplus-kuchenplus-et-miele-celebrent-le-succes-de-la-campagne-avec-une-augmentation-significative-des-ventes","status":"publish","type":"stories","link":"https:\/\/www.ek-retail.com\/fr\/stories\/electroplus-kuchenplus-et-miele-celebrent-le-succes-de-la-campagne-avec-une-augmentation-significative-des-ventes\/","title":{"rendered":"electroplus k\u00fcchenplus et Miele c\u00e9l\u00e8brent le succ\u00e8s de la campagne avec une augmentation significative des ventes"},"content":{"rendered":"\n<p>Bielefeld, 4 d\u00e9cembre 2025<\/p>\n\n<p>Lorsque deux acteurs majeurs de l&rsquo;industrie unissent leurs forces pour la premi\u00e8re fois, les attentes sont \u00e9lev\u00e9es. Et le r\u00e9sultat est \u00e0 la hauteur sur tous les plans : avec la premi\u00e8re de la campagne \u00ab Upgrade your Life ! \u00bb, electroplus k\u00fcchenplus et Miele ont d\u00e9montr\u00e9 de mani\u00e8re impressionnante cet automne \u00e0 quel point le marketing moderne du commerce sp\u00e9cialis\u00e9 peut \u00eatre efficace \u2013 \u00e9motionnel, ax\u00e9 sur la marque et mesurablement efficace en termes de ventes. <\/p>\n\n<p>L&rsquo;objectif de cette vaste campagne \u00e9tait d&rsquo;introduire de nouveaux groupes de consommateurs \u00e0 la marque premium Miele tout en augmentant durablement les ventes chez les d\u00e9taillants sp\u00e9cialis\u00e9s.<\/p>\n\n<p><strong>Forte participation des revendeurs et retours positifs<\/strong><br\/>\u00ab Pratiquement tous les d\u00e9taillants electroplus k\u00fcchenplus ont particip\u00e9 \u00e0 la campagne \u00bb, rapporte Meike Ullrich, Senior Concept Manager electroplus. \u00ab Nous avons re\u00e7u des retours positifs du march\u00e9 d\u00e8s le premier jour. La campagne a g\u00e9n\u00e9r\u00e9 une forte affluence sur les points de vente et a consid\u00e9rablement stimul\u00e9 les ventes. \u00bb <\/p>\n\n<p>La performance num\u00e9rique a \u00e9t\u00e9 tout aussi convaincante : les activit\u00e9s sur les r\u00e9seaux sociaux ont atteint une forte port\u00e9e, des taux de clics \u00e9lev\u00e9s et un engagement local robuste \u2013 une preuve claire que la campagne a \u00e9galement \u00e9t\u00e9 efficace en ligne. \u00ab Globalement, nous pouvons parler d&rsquo;une augmentation des ventes \u00e0 deux chiffres \u00bb, ajoute Ullrich. <\/p>\n\n<p><strong>M\u00e9canisme simple, fort impact<\/strong><br\/>Le succ\u00e8s n&rsquo;est pas un hasard. Le concept \u00e9tait aussi simple qu&rsquo;efficace, et la participation des consommateurs a \u00e9t\u00e9 proportionnellement \u00e9lev\u00e9e : lors de l&rsquo;achat d&rsquo;un appareil promotionnel Miele \u2013 qu&rsquo;il s&rsquo;agisse d&rsquo;une machine \u00e0 laver, d&rsquo;un s\u00e8che-linge ou d&rsquo;un lave-vaisselle \u2013 les clients ont b\u00e9n\u00e9fici\u00e9 d&rsquo;une remise imm\u00e9diate allant jusqu&rsquo;\u00e0 150 \u20ac. <\/p>\n\n<p><strong>\u00ab La marque Miele est un v\u00e9ritable moteur \u00bb, souligne Franz Schreckenberg, Responsable d&rsquo;\u00e9quipe Gestion de Cat\u00e9gorie \u00c9lectro. \u00ab Ajoutez \u00e0 cela des avantages tarifaires allant jusqu&rsquo;\u00e0 150 \u20ac et la haute qualit\u00e9 des conseils de nos d\u00e9taillants sp\u00e9cialis\u00e9s \u2013 il est difficile de refuser. \u00bb <\/strong><\/p>\n\n<p>Mais la campagne \u00e9tait bien plus qu&rsquo;une simple promotion de prix. Au c\u0153ur de celle-ci se trouvait la promesse de marque qui a toujours d\u00e9fini Miele : qualit\u00e9, durabilit\u00e9 et confort de niveau premium. Ces valeurs ont \u00e9t\u00e9 parfaitement transmises par le slogan de la campagne \u00ab Upgrade your Life ! \u00bb \u2013 et rendues visibles \u00e0 chaque point de contact.  <\/p>\n\n<p><strong>Puissance marketing \u00e0 360 degr\u00e9s<\/strong><br\/>Un package marketing complet \u00e0 360 degr\u00e9s a assur\u00e9 l&rsquo;omnipr\u00e9sence du message. Des supports de PLV accrocheurs, des brochures en ligne et imprim\u00e9es, des newsletters, des sites web de d\u00e9taillants, des publications sur les r\u00e9seaux sociaux et des campagnes Google ont fonctionn\u00e9 en parfaite synergie. Le design et le ton refl\u00e9taient constamment l&rsquo;identit\u00e9 de la marque Miele \u2013 de haute qualit\u00e9, confiante et digne de confiance. Le premium n&rsquo;\u00e9tait pas seulement promis ; il \u00e9tait rendu tangible en magasin.   <\/p>\n\n<p><strong>Miele : Mission accomplie<\/strong><br\/>Miele elle-m\u00eame tire un bilan extr\u00eamement positif. J\u00f6rg Bachert, Responsable des ventes pour le commerce de d\u00e9tail \u00e9lectrique chez Miele, explique : \u00ab La premi\u00e8re de la campagne avec electroplus k\u00fcchenplus a clairement d\u00e9pass\u00e9 nos attentes. Notre objectif principal \u00e9tait d&rsquo;attirer de nouveaux groupes de consommateurs vers la marque Miele \u2013 et les r\u00e9sultats confirment de mani\u00e8re impressionnante cette approche. Compte tenu des chiffres de vente, nous pouvons parler d&rsquo;un succ\u00e8s clair. \u00bb La question de savoir si et sous quelle forme il y aura une r\u00e9p\u00e9tition l&rsquo;ann\u00e9e prochaine reste ouverte. \u00ab Nous \u00e9valuons actuellement diverses options, mais compte tenu de ce succ\u00e8s, il y a une nette tendance \u00e0 la poursuite \u00bb, ajoute Bachert.   <\/p>\n\n<p>L&rsquo;ampleur de l&rsquo;\u00e9cho de la campagne dans le commerce de d\u00e9tail est \u00e9galement d\u00e9montr\u00e9e par les retours des revendeurs sp\u00e9cialis\u00e9s : \u00ab F\u00e9licitations pour la campagne Miele \u2013 une vraie r\u00e9ussite ! Exactement ce dont nous, les d\u00e9taillants, avons besoin \u00bb, a \u00e9crit un partenaire.<br\/><\/p>\n\n<hr class=\"wp-block-separator has-alpha-channel-opacity\"\/>\n\n<p><strong>Un autre a r\u00e9sum\u00e9 :<\/strong> \u00ab Excellente r\u00e9ponse, excellent trafic client, et surtout, excellentes ventes. Campagne fantastique \u2013 du marketing \u00e0 l&rsquo;ex\u00e9cution ! \u00bb<\/p>\n\n<p>Les retours positifs le montrent : \u00ab Upgrade your Life ! \u00bb n&rsquo;a pas seulement \u00e9t\u00e9 une victoire pour toutes les parties prenantes, mais aussi un signal clair \u2013 pour un v\u00e9ritable partenariat, la force de la marque et l&rsquo;avenir du commerce sp\u00e9cialis\u00e9 !<\/p>\n\n<p><strong>L\u00e9gende de l&rsquo;image :<\/strong><br\/>electroplus k\u00fcchenplus et Miele c\u00e9l\u00e8brent le succ\u00e8s de la campagne avec une croissance significative des ventes. (de gauche \u00e0 droite) Alexander Morkus (Key Account Manager, Miele Vertriebsgesellschaft Deutschland KG), J\u00f6rg Bachert (Responsable des ventes pour le commerce de d\u00e9tail \u00e9lectrique, Miele Vertriebsgesellschaft Deutschland KG) et Franz Schreckenberg (Responsable d&rsquo;\u00e9quipe Gestion de Cat\u00e9gorie \u00c9lectro, EK Retail).  <\/p>\n\n<p><strong>Contact EK Retail<\/strong><br\/>Paul Spieker<br\/>Responsable Communications &amp; Coop\u00e9rations Groupe<br\/>T\u00e9l\u00e9phone : +49 521 2092-200<br\/>E-mail : p.spieker@ek-retail.com<\/p>\n\n<p><\/p>\n","protected":false},"excerpt":{"rendered":"<p>Bielefeld, 4 d\u00e9cembre 2025 Lorsque deux acteurs majeurs de l&rsquo;industrie unissent leurs forces pour la premi\u00e8re fois, les attentes sont \u00e9lev\u00e9es. Et le r\u00e9sultat est \u00e0 la hauteur sur tous les plans : avec la premi\u00e8re de la campagne \u00ab Upgrade your Life ! \u00bb, electroplus k\u00fcchenplus et Miele ont d\u00e9montr\u00e9 de mani\u00e8re impressionnante cet&hellip;<\/p>\n","protected":false},"featured_media":0,"template":"","format":"standard","meta":[],"categories":[317],"class_list":["post-65980","stories","type-stories","status-publish","format-standard","hentry","category-ek-home","description-off"],"_links":{"self":[{"href":"https:\/\/www.ek-retail.com\/fr\/wp-json\/wp\/v2\/stories\/65980","targetHints":{"allow":["GET"]}}],"collection":[{"href":"https:\/\/www.ek-retail.com\/fr\/wp-json\/wp\/v2\/stories"}],"about":[{"href":"https:\/\/www.ek-retail.com\/fr\/wp-json\/wp\/v2\/types\/stories"}],"wp:attachment":[{"href":"https:\/\/www.ek-retail.com\/fr\/wp-json\/wp\/v2\/media?parent=65980"}],"wp:term":[{"taxonomy":"category","embeddable":true,"href":"https:\/\/www.ek-retail.com\/fr\/wp-json\/wp\/v2\/categories?post=65980"}],"curies":[{"name":"wp","href":"https:\/\/api.w.org\/{rel}","templated":true}]}}