{"id":66219,"date":"2026-02-26T11:57:14","date_gmt":"2026-02-26T10:57:14","guid":{"rendered":"https:\/\/www-preview.ek-retail.com\/stories\/un-debut-dannee-en-force-campagne-conjointe-reussie-delectroplus-kuchenplus-et-bosch\/"},"modified":"2026-02-26T11:58:56","modified_gmt":"2026-02-26T10:58:56","slug":"un-debut-dannee-en-force-campagne-conjointe-reussie-delectroplus-kuchenplus-et-bosch","status":"publish","type":"stories","link":"https:\/\/www.ek-retail.com\/fr\/stories\/un-debut-dannee-en-force-campagne-conjointe-reussie-delectroplus-kuchenplus-et-bosch\/","title":{"rendered":"Un d\u00e9but d\u2019ann\u00e9e en force \u2014 Campagne conjointe r\u00e9ussie d\u2019electroplus k\u00fcchenplus et Bosch"},"content":{"rendered":"\n<p>Bielefeld, le 17 f\u00e9vrier 2026 \u2013 Avec leur campagne de fin d\u2019ann\u00e9e en deux \u00e9tapes, electroplus k\u00fcchenplus et Bosch ont d\u00e9montr\u00e9 de mani\u00e8re impressionnante toute la puissance de l\u2019interaction entre le commerce de d\u00e9tail, l\u2019industrie et un marketing bien pens\u00e9.<\/p>\n\n<p>Au c\u0153ur de l\u2019initiative se trouvait un soutien cibl\u00e9 \u00e0 la revente pour une s\u00e9lection de lave-linge et s\u00e8che-linge Bosch chez les revendeurs sp\u00e9cialis\u00e9s electroplus k\u00fcchenplus participants. Du 1er d\u00e9cembre 2025 au 31 janvier 2026, les clients achetant un appareil en promotion ont b\u00e9n\u00e9fici\u00e9 d\u2019une remise imm\u00e9diate de 50 \u20ac en caisse. <\/p>\n\n<hr class=\"wp-block-separator has-alpha-channel-opacity\"\/>\n\n<h3 class=\"wp-block-heading\">Un impact au-del\u00e0 de la p\u00e9riode de No\u00ebl<\/h3>\n\n<p>La campagne a suivi une structure narrative claire :<br\/>en d\u00e9cembre, le th\u00e8me de lancement <strong>\u00ab Merry CASHmas \u00bb<\/strong> \u00e9tait ax\u00e9 sur les activit\u00e9s de No\u00ebl ; en janvier, la campagne s\u2019est poursuivie sous la devise <strong>\u00ab Happy New CASH ! \u00bb<\/strong>.<\/p>\n\n<p>L\u2019objectif \u00e9tait de prolonger l\u2019attention et l\u2019intention d\u2019achat de la p\u00e9riode des f\u00eates jusqu\u2019au d\u00e9but de la nouvelle ann\u00e9e \u2014 et d\u2019accro\u00eetre la visibilit\u00e9 des appareils en promotion tant sur le point de vente que dans les boutiques en ligne des revendeurs sp\u00e9cialis\u00e9s electroplus k\u00fcchenplus.<\/p>\n\n<hr class=\"wp-block-separator has-alpha-channel-opacity\"\/>\n\n<h3 class=\"wp-block-heading\">Un mix de mesures efficace pour booster la visibilit\u00e9<\/h3>\n\n<p>La campagne s\u2019est appuy\u00e9e sur un mix bien coordonn\u00e9 de mat\u00e9riel PLV, de supports en ligne et imprim\u00e9s, ainsi que sur la publicit\u00e9 sur les r\u00e9seaux sociaux et les moteurs de recherche. La combinaison de l\u2019id\u00e9e de campagne, de la conception cr\u00e9ative et de l\u2019approche par groupe cible s\u2019est av\u00e9r\u00e9e fructueuse. Les mesures ont orient\u00e9 les utilisateurs de mani\u00e8re cibl\u00e9e vers les sites web des revendeurs et ont renforc\u00e9 la visibilit\u00e9 en ligne des appareils en promotion.  <\/p>\n\n<hr class=\"wp-block-separator has-alpha-channel-opacity\"\/>\n\n<h3 class=\"wp-block-heading\">De nouveaux visages des deux c\u00f4t\u00e9s<\/h3>\n\n<p>Pour <strong>Lisa Kolbert<\/strong>, Key Account Manager Electrical Retail Germany chez Bosch, cette campagne a \u00e9t\u00e9 l\u2019une de ses premi\u00e8res activit\u00e9s majeures dans ses nouvelles fonctions suite \u00e0 la restructuration de BSH :<\/p>\n\n<p>\u00ab <em>Pour moi, cette campagne a \u00e9t\u00e9 une excellente occasion de cr\u00e9er un impact avec le commerce sp\u00e9cialis\u00e9 et de montrer \u00e0 quel point des partenariats de campagne solides peuvent fonctionner de mani\u00e8re fiable.<\/em> \u00bb<\/p>\n\n<p>Un changement de personnel a \u00e9galement eu lieu chez electroplus k\u00fcchenplus : <strong>Alice Jank<\/strong> a repris le poste de Category Manager le 1er janvier 2026 et a poursuivi la campagne en cours dans le cadre de ses nouvelles responsabilit\u00e9s.<\/p>\n\n<p>\u00ab <em>Cette campagne a \u00e9t\u00e9 pour moi le point de d\u00e9part id\u00e9al pour m\u2019immerger imm\u00e9diatement dans la collaboration avec notre partenaire industriel Bosch. L\u2019interaction fluide des nombreuses composantes de la campagne a montr\u00e9 avec quelle efficacit\u00e9 le concept, la communication, l\u2019industrie et le commerce peuvent s\u2019imbriquer<\/em> \u00bb, d\u00e9clare Alice Jank avec le recul.<\/p>\n\n<p>Le fait que les deux responsables aient d\u00e9but\u00e9 leurs nouvelles fonctions avec une campagne aussi visible et multiforme a donn\u00e9 au projet un caract\u00e8re suppl\u00e9mentaire \u2014 et a rendu les r\u00e9sultats d\u2019autant plus remarquables.<\/p>\n\n<hr class=\"wp-block-separator has-alpha-channel-opacity\"\/>\n\n<h3 class=\"wp-block-heading\">\u00c0 suivre<\/h3>\n\n<p>Compte tenu de la collaboration fluide \u00e0 tous les niveaux, il est d\u00e9j\u00e0 clair qu\u2019il ne s\u2019agira pas de la derni\u00e8re campagne conjointe d\u2019electroplus k\u00fcchenplus et de Bosch. Les enseignements tir\u00e9s fournissent des orientations pr\u00e9cieuses pour les initiatives \u00e0 venir et renforcent les bases d\u2019une coop\u00e9ration future. Le cap est d\u00e9j\u00e0 fix\u00e9 pour d\u2019autres campagnes tout aussi percutantes.  <\/p>\n\n<hr class=\"wp-block-separator has-alpha-channel-opacity\"\/>\n\n<p><strong>L\u00e9gende de l\u2019image :<\/strong><br\/>Campagne conjointe r\u00e9ussie d\u2019electroplus k\u00fcchenplus et Bosch (de gauche \u00e0 droite) : Lisa Kolbert (Key Account Manager Electrical Retail Germany, BSH), Franz Schreckenberg (Team Lead Category Management Electro, EK Retail) and Alice Jank (Category Manager Major Domestic Appliances, EK Retail).<\/p>\n","protected":false},"excerpt":{"rendered":"<p>Bielefeld, le 17 f\u00e9vrier 2026 \u2013 Avec leur campagne de fin d\u2019ann\u00e9e en deux \u00e9tapes, electroplus k\u00fcchenplus et Bosch ont d\u00e9montr\u00e9 de mani\u00e8re impressionnante toute la puissance de l\u2019interaction entre le commerce de d\u00e9tail, l\u2019industrie et un marketing bien pens\u00e9. Au c\u0153ur de l\u2019initiative se trouvait un soutien cibl\u00e9 \u00e0 la revente pour une s\u00e9lection&hellip;<\/p>\n","protected":false},"featured_media":0,"template":"","format":"standard","meta":[],"categories":[317],"class_list":["post-66219","stories","type-stories","status-publish","format-standard","hentry","category-ek-home","description-off"],"_links":{"self":[{"href":"https:\/\/www.ek-retail.com\/fr\/wp-json\/wp\/v2\/stories\/66219","targetHints":{"allow":["GET"]}}],"collection":[{"href":"https:\/\/www.ek-retail.com\/fr\/wp-json\/wp\/v2\/stories"}],"about":[{"href":"https:\/\/www.ek-retail.com\/fr\/wp-json\/wp\/v2\/types\/stories"}],"wp:attachment":[{"href":"https:\/\/www.ek-retail.com\/fr\/wp-json\/wp\/v2\/media?parent=66219"}],"wp:term":[{"taxonomy":"category","embeddable":true,"href":"https:\/\/www.ek-retail.com\/fr\/wp-json\/wp\/v2\/categories?post=66219"}],"curies":[{"name":"wp","href":"https:\/\/api.w.org\/{rel}","templated":true}]}}