{"id":66229,"date":"2026-02-26T12:07:28","date_gmt":"2026-02-26T11:07:28","guid":{"rendered":"https:\/\/www-preview.ek-retail.com\/stories\/snack-friday-au-lieu-de-black-friday-electroplus-kuchenplus-lichtconcept-font-un-don-a-brotzeit-e-v\/"},"modified":"2026-02-26T12:09:10","modified_gmt":"2026-02-26T11:09:10","slug":"snack-friday-au-lieu-de-black-friday-electroplus-kuchenplus-lichtconcept-font-un-don-a-brotzeit-e-v","status":"publish","type":"stories","link":"https:\/\/www.ek-retail.com\/fr\/stories\/snack-friday-au-lieu-de-black-friday-electroplus-kuchenplus-lichtconcept-font-un-don-a-brotzeit-e-v\/","title":{"rendered":"\u00ab Snack Friday \u00bb au lieu de \u00ab Black Friday \u00bb \u2013 electroplus k\u00fcchenplus &amp; licht+concept font un don \u00e0 brotZeit e.V."},"content":{"rendered":"\n<p>Bielefeld, le 4 f\u00e9vrier 2026 \u2013 Outre de nombreuses innovations produits et offres promotionnelles, un \u00e9v\u00e9nement sp\u00e9cial a \u00e9t\u00e9 l\u2019un des moments les plus marquants du r\u00e9cent EK LIVE : Le 21 janvier, les \u00e9quipes d\u2019electroplus k\u00fcchenplus et de licht+concept ont remis un ch\u00e8que de don symbolique \u00e0 l\u2019association caritative brotZeit e.V. lors du Salon de Printemps \u00e0 Bielefeld.<\/p>\n\n<p>L\u2019occasion \u00e9tait la campagne r\u00e9ussie <em>Snack Friday<\/em>, mise en \u0153uvre pour la deuxi\u00e8me fois en novembre par electroplus k\u00fcchenplus et licht+concept. \u00ab Alors que l\u2019industrie parle principalement de prix pendant la Black Week, nous avons d\u00e9lib\u00e9r\u00e9ment choisi un axe diff\u00e9rent \u00bb, a expliqu\u00e9 Meike Ullrich, Concept Manager electroplus. <\/p>\n\n<hr class=\"wp-block-separator has-alpha-channel-opacity\"\/>\n\n<h3 class=\"wp-block-heading\">Le commerce de d\u00e9tail avec un but<\/h3>\n\n<p>Sous la devise <em>\u00ab Vous \u00e9conomisez, nous donnons ! \u00bb<\/em>, un don a \u00e9t\u00e9 fait \u00e0 brotZeit pour chaque appareil vendu ou r\u00e9par\u00e9. L\u2019association soutient plus de 450 \u00e9coles primaires et sp\u00e9cialis\u00e9es \u00e0 travers l\u2019Allemagne en veillant \u00e0 ce que les enfants d\u00e9favoris\u00e9s re\u00e7oivent un petit-d\u00e9jeuner \u00e9quilibr\u00e9 et gratuit avant le d\u00e9but des cours. <\/p>\n\n<hr class=\"wp-block-separator has-alpha-channel-opacity\"\/>\n\n<h3 class=\"wp-block-heading\">Une initiative qui fait la diff\u00e9rence<\/h3>\n\n<p>Le r\u00e9sultat parle de lui-m\u00eame : <strong>11 500 petits-d\u00e9jeuners scolaires<\/strong> pour les enfants affam\u00e9s. Plus que l\u2019ann\u00e9e derni\u00e8re. Et plus qu\u2019un simple chiffre.  <\/p>\n\n<p>Le ch\u00e8que a \u00e9t\u00e9 accept\u00e9 par <strong>Margarethe Schlemmer<\/strong>, membre du conseil d\u2019administration de brotZeit e.V., et <strong>Verena Schmitt<\/strong>, responsable de la collecte de fonds et des communications.<\/p>\n\n<p>\u00ab Derri\u00e8re chaque chiffre se cache un enfant. Et derri\u00e8re chaque petit-d\u00e9jeuner se trouve la chance d\u2019une meilleure journ\u00e9e scolaire \u00bb, a soulign\u00e9 Margarethe Schlemmer. \u00ab Nous sommes ravis qu\u2019electroplus k\u00fcchenplus et licht+concept, avec leurs partenaires, aient d\u00e9pass\u00e9 le r\u00e9sultat de l\u2019ann\u00e9e derni\u00e8re de 10 000 petits-d\u00e9jeuners scolaires \u2014 d\u2019autant plus que cela montre \u00e0 quel point ce sujet r\u00e9sonne au sein de la soci\u00e9t\u00e9. \u00bb <\/p>\n\n<hr class=\"wp-block-separator has-alpha-channel-opacity\"\/>\n\n<h3 class=\"wp-block-heading\">Ensemble, nous accomplissons plus<\/h3>\n\n<p>La p\u00e9riode de campagne du 10 novembre au 1er d\u00e9cembre 2025 a g\u00e9n\u00e9r\u00e9 un \u00e9lan remarquable. En collaboration avec de solides partenaires industriels et de services \u2014 dont AEG, Bosch, Constructa, IFA, Liebherr, Miele, Neff, Siemens et Wertgarantie \u2014 une id\u00e9e initialement simple est devenue un projet collaboratif avec un r\u00e9el impact. <\/p>\n\n<p>\u00ab Pour BSH, avec ses marques Bosch, Siemens, Neff et Constructa, la responsabilit\u00e9 sociale n\u2019est pas seulement une d\u00e9claration \u2014 elle fait partie de notre identit\u00e9 \u00bb, a d\u00e9clar\u00e9 <strong>Christoph Luis<\/strong>, VP Sales Electrical Retail Germany chez BSH Hausger\u00e4te. \u00ab C\u2019est pourquoi nous avons soutenu le Snack Friday cette ann\u00e9e encore \u2014 avec nos partenaires d\u00e9taillants sur place. \u00bb <\/p>\n\n<hr class=\"wp-block-separator has-alpha-channel-opacity\"\/>\n\n<h3 class=\"wp-block-heading\">Un partenariat qui cr\u00e9e de la valeur ajout\u00e9e<\/h3>\n\n<p>Pour <strong>Martin Wolf<\/strong>, directeur g\u00e9n\u00e9ral des concepts de vente au d\u00e9tail electroplus k\u00fcchenplus et licht+concept, le Snack Friday est un exemple d\u2019\u00e9tat d\u2019esprit qui prend de plus en plus d\u2019importance dans le commerce sp\u00e9cialis\u00e9 : \u00eatre \u00e9conomiquement performant tout en assumant ses responsabilit\u00e9s.<\/p>\n\n<p>\u00ab Il n\u2019est pas n\u00e9cessaire de choisir entre l\u2019un ou l\u2019autre \u00bb, a soulign\u00e9 Wolf. \u00ab Lorsque des projets comme celui-ci sont soutenus par toutes les parties impliqu\u00e9es, les deux sont possibles \u2014 et une collaboration significative \u00e9merge. \u00bb <\/p>\n\n<hr class=\"wp-block-separator has-alpha-channel-opacity\"\/>\n\n<h3 class=\"wp-block-heading\">L\u00e9gendes des images :<\/h3>\n\n<p>\u2022 <em>(de gauche \u00e0 droite)<\/em> : Margarethe Schlemmer (membre du conseil d\u2019administration, brotZeit e.V.), Christian Claes (Senior Concept Manager k\u00fcchenplus, EK Retail), Miriam Hofmeister (Junior Online Marketing Manager, EK Retail), Franz Schreckenberg (Team Lead Category Management Electro, EK Retail), Maren Dippel (Junior Online Marketing Manager, EK Retail), Martin Wolf (General Manager EK Home Electrical Appliances, EK Retail), Meike Ullrich (Senior Concept Manager electroplus, EK Retail), Paul S\u00fcwer (Team Lead Marketing and E-Commerce, EK Retail), Pia Strieder (E-Commerce Manager, EK Retail), Alice Jank (Category Manager Major Domestic Appliances, EK Retail) et Verena Schmitt (Head of Fundraising &amp; Communications, brotZeit e.V.) pr\u00e9sentent le ch\u00e8que de don pour 11 500 petits-d\u00e9jeuners scolaires.<\/p>\n\n<p>\u2022 Luis Christoph (VP Sales Electrical Retail Germany, BSH Hausger\u00e4te)<\/p>\n","protected":false},"excerpt":{"rendered":"<p>Bielefeld, le 4 f\u00e9vrier 2026 \u2013 Outre de nombreuses innovations produits et offres promotionnelles, un \u00e9v\u00e9nement sp\u00e9cial a \u00e9t\u00e9 l\u2019un des moments les plus marquants du r\u00e9cent EK LIVE : Le 21 janvier, les \u00e9quipes d\u2019electroplus k\u00fcchenplus et de licht+concept ont remis un ch\u00e8que de don symbolique \u00e0 l\u2019association caritative brotZeit e.V. lors du Salon&hellip;<\/p>\n","protected":false},"featured_media":0,"template":"","format":"standard","meta":[],"categories":[317],"class_list":["post-66229","stories","type-stories","status-publish","format-standard","hentry","category-ek-home","description-off"],"_links":{"self":[{"href":"https:\/\/www.ek-retail.com\/fr\/wp-json\/wp\/v2\/stories\/66229","targetHints":{"allow":["GET"]}}],"collection":[{"href":"https:\/\/www.ek-retail.com\/fr\/wp-json\/wp\/v2\/stories"}],"about":[{"href":"https:\/\/www.ek-retail.com\/fr\/wp-json\/wp\/v2\/types\/stories"}],"wp:attachment":[{"href":"https:\/\/www.ek-retail.com\/fr\/wp-json\/wp\/v2\/media?parent=66229"}],"wp:term":[{"taxonomy":"category","embeddable":true,"href":"https:\/\/www.ek-retail.com\/fr\/wp-json\/wp\/v2\/categories?post=66229"}],"curies":[{"name":"wp","href":"https:\/\/api.w.org\/{rel}","templated":true}]}}