{"id":66235,"date":"2026-02-26T11:41:59","date_gmt":"2026-02-26T10:41:59","guid":{"rendered":"https:\/\/www-preview.ek-retail.com\/stories\/ek-retail-annonce-une-nouvelle-structure-du-conseil-dadministration\/"},"modified":"2026-02-26T12:21:40","modified_gmt":"2026-02-26T11:21:40","slug":"ek-retail-annonce-une-nouvelle-structure-du-conseil-dadministration","status":"publish","type":"stories","link":"https:\/\/www.ek-retail.com\/fr\/stories\/ek-retail-annonce-une-nouvelle-structure-du-conseil-dadministration\/","title":{"rendered":"EK Retail annonce une nouvelle structure du Conseil d&rsquo;administration"},"content":{"rendered":"\n<p>Frank Duijst nomm\u00e9 Directeur G\u00e9n\u00e9ral \/ Rik Klercq rejoint le Conseil d&rsquo;administration en tant que CIO \/ Martin Richrath quitte l\u2019entreprise pour saisir une nouvelle opportunit\u00e9 professionnelle<\/p>\n\n<p>Bielefeld, le 6 f\u00e9vrier 2026 \u2013 EK Retail a annonc\u00e9 des changements dans la structure de son Conseil d&rsquo;administration afin de positionner le groupe pour une croissance strat\u00e9gique future. Le Conseil de surveillance a approuv\u00e9 ces changements pour r\u00e9pondre aux ambitions croissantes du groupe coop\u00e9ratif et pour refl\u00e9ter pleinement l\u2019importance grandissante de la transformation ax\u00e9e sur la technologie dans le commerce de d\u00e9tail europ\u00e9en. <\/p>\n\n<p>Johannes Lenzschau, Pr\u00e9sident du Conseil de surveillance d\u2019EK Retail, a annonc\u00e9 que Frank Duijst, actuellement Directeur financier, assumera le r\u00f4le de Directeur G\u00e9n\u00e9ral (CEO) \u00e0 compter du 1er mai 2026.<\/p>\n\n<p>\u00ab Avec Frank Duijst, nous avons la bonne personne pour mener EK Retail vers sa prochaine phase de d\u00e9veloppement \u00bb, a d\u00e9clar\u00e9 Lenzschau. \u00ab Sa vaste exp\u00e9rience, ses solides ant\u00e9c\u00e9dents et sa compr\u00e9hension holistique du groupe \u2014 combin\u00e9s \u00e0 sa passion, son dynamisme et sa profonde confiance dans l\u2019avenir du commerce de d\u00e9tail europ\u00e9en ind\u00e9pendant \u2014 le rendent exceptionnellement bien adapt\u00e9 \u00e0 ce poste. \u00bb <\/p>\n\n<p>La raison de ce changement est que Martin Richrath, qui a si\u00e9g\u00e9 au Conseil d&rsquo;administration pendant plus de dix ans et en tant que Directeur G\u00e9n\u00e9ral pendant plus de trois ans, a d\u00e9cid\u00e9 de relever un nouveau d\u00e9fi professionnel en dehors d\u2019EK Retail.<\/p>\n\n<p>\u00ab <em>Nous sommes tr\u00e8s reconnaissants \u00e0 Martin Richrath<\/em> \u00bb, a ajout\u00e9 Lenzschau. \u00ab Avec les autres membres du Conseil et toute l\u2019\u00e9quipe, il a transform\u00e9 EK, d\u2019une coop\u00e9rative d\u2019achat traditionnelle, en une organisation de commerce de d\u00e9tail moderne et professionnelle avec de solides perspectives. Sa contribution au cours de la derni\u00e8re d\u00e9cennie a \u00e9t\u00e9 essentielle \u00e0 la viabilit\u00e9 \u00e0 long terme de l\u2019entreprise. \u00bb <\/p>\n\n<hr class=\"wp-block-separator has-alpha-channel-opacity\"\/>\n\n<h3 class=\"wp-block-heading\">Renforcer l\u2019avenir \u00e0 long terme d\u2019EK Retail<\/h3>\n\n<p>\u00c0 la lumi\u00e8re des priorit\u00e9s strat\u00e9giques du groupe \u2014 en particulier la pertinence croissante des capacit\u00e9s technologiques \u2014 le Conseil de surveillance a \u00e9galement red\u00e9fini la composition du Conseil d&rsquo;administration.<\/p>\n\n<p>\u00c0 compter du 1er mai 2026, Rik Klercq, actuellement Directeur Digital &amp; IT, rejoindra le Conseil d&rsquo;administration et occupera le nouveau poste de Directeur des Syst\u00e8mes d\u2019Information (CIO), responsable de l\u2019Innovation &amp; du D\u00e9veloppement Commercial.<\/p>\n\n<p>\u00ab Avec Rik Klercq, nous renfor\u00e7ons notre Conseil d&rsquo;administration avec un leader qui combine une expertise technologique approfondie et une pens\u00e9e entrepreneuriale \u00bb, a d\u00e9clar\u00e9 Lenzschau. \u00ab Cela am\u00e9liore notre capacit\u00e9 \u00e0 stimuler l\u2019innovation et \u00e0 d\u00e9bloquer de nouvelles opportunit\u00e9s commerciales pour nos d\u00e9taillants \u00e0 travers l\u2019Europe. \u00bb <\/p>\n\n<hr class=\"wp-block-separator has-alpha-channel-opacity\"\/>\n\n<h3 class=\"wp-block-heading\">La future structure du Conseil d&rsquo;administration<\/h3>\n\n<p>\u00c0 compter du 1er mai 2026, le Conseil d&rsquo;administration d\u2019EK Retail sera compos\u00e9 de :<\/p>\n\n<ul class=\"wp-block-list\">\n<li><strong>Frank Duijst \u2013 Directeur G\u00e9n\u00e9ral (CEO)<\/strong><\/li>\n\n\n\n<li><strong>Rik Klercq \u2013 Directeur des Syst\u00e8mes d\u2019Information (CIO)<\/strong><\/li>\n\n\n\n<li><strong>Jochen Pohle \u2013 Directeur Commercial (CRO)<\/strong><\/li>\n\n\n\n<li><strong>Gertjo Janssen \u2013 Directeur Commercial (CRO)<\/strong><\/li>\n<\/ul>\n\n<p>Cette structure garantit que l\u2019expertise en commerce de d\u00e9tail, l\u2019innovation technologique et le leadership strat\u00e9gique restent fermement ancr\u00e9s au plus haut niveau du groupe coop\u00e9ratif.<\/p>\n\n<p>\u00ab Nous avons pleine confiance en ce nouveau Conseil d&rsquo;administration \u00bb, a d\u00e9clar\u00e9 Lenzschau. \u00ab EK Retail entre dans une nouvelle phase passionnante, et cette \u00e9quipe est id\u00e9alement positionn\u00e9e pour mener le groupe vers l\u2019avenir. \u00bb <\/p>\n\n<hr class=\"wp-block-separator has-alpha-channel-opacity\"\/>\n\n<p><strong>L\u00e9gende de l\u2019image :<\/strong><br\/>Frank Duijst (\u00e0 gauche) assumera le poste de Directeur G\u00e9n\u00e9ral (CEO) de Martin Richrath le 1er mai 2026.<\/p>\n","protected":false},"excerpt":{"rendered":"<p>Frank Duijst nomm\u00e9 Directeur G\u00e9n\u00e9ral \/ Rik Klercq rejoint le Conseil d&rsquo;administration en tant que CIO \/ Martin Richrath quitte l\u2019entreprise pour saisir une nouvelle opportunit\u00e9 professionnelle Bielefeld, le 6 f\u00e9vrier 2026 \u2013 EK Retail a annonc\u00e9 des changements dans la structure de son Conseil d&rsquo;administration afin de positionner le groupe pour une croissance strat\u00e9gique&hellip;<\/p>\n","protected":false},"featured_media":0,"template":"","format":"standard","meta":[],"categories":[294,333],"class_list":["post-66235","stories","type-stories","status-publish","format-standard","hentry","category-non-categorise","category-presse","description-off"],"_links":{"self":[{"href":"https:\/\/www.ek-retail.com\/fr\/wp-json\/wp\/v2\/stories\/66235","targetHints":{"allow":["GET"]}}],"collection":[{"href":"https:\/\/www.ek-retail.com\/fr\/wp-json\/wp\/v2\/stories"}],"about":[{"href":"https:\/\/www.ek-retail.com\/fr\/wp-json\/wp\/v2\/types\/stories"}],"wp:attachment":[{"href":"https:\/\/www.ek-retail.com\/fr\/wp-json\/wp\/v2\/media?parent=66235"}],"wp:term":[{"taxonomy":"category","embeddable":true,"href":"https:\/\/www.ek-retail.com\/fr\/wp-json\/wp\/v2\/categories?post=66235"}],"curies":[{"name":"wp","href":"https:\/\/api.w.org\/{rel}","templated":true}]}}